{"id":16,"date":"2019-07-03T09:36:41","date_gmt":"2019-07-03T09:36:41","guid":{"rendered":"http:\/\/teszt2.papaesvideke.hu\/?p=16"},"modified":"2026-02-04T13:58:29","modified_gmt":"2026-02-04T13:58:29","slug":"3pm-4pm-photos","status":"publish","type":"post","link":"https:\/\/esterhazykastely.papa.hu\/?p=16","title":{"rendered":"Id\u0151szaki ki\u00e1ll\u00edt\u00e1sok kast\u00e9lyunkban"},"content":{"rendered":"<div class=\"fusion-fullwidth fullwidth-box fusion-builder-row-1 nonhundred-percent-fullwidth non-hundred-percent-height-scrolling\" style=\"--awb-border-radius-top-left:0px;--awb-border-radius-top-right:0px;--awb-border-radius-bottom-right:0px;--awb-border-radius-bottom-left:0px;--awb-flex-wrap:wrap;\" ><div class=\"fusion-builder-row fusion-row\"><div class=\"fusion-layout-column fusion_builder_column fusion-builder-column-0 fusion_builder_column_1_1 1_1 fusion-one-full fusion-column-first fusion-column-last\" style=\"--awb-bg-size:cover;\"><div class=\"fusion-column-wrapper fusion-flex-column-wrapper-legacy\"><div class=\"fusion-text fusion-text-1\"><p><strong>Hamarosan&#8230;<\/strong><\/p>\n<\/div><div class=\"fusion-text fusion-text-2\"><\/div><div class=\"fusion-button-wrapper\"><a class=\"fusion-button button-flat button-small button-default fusion-button-default button-1 fusion-button-span-no \" target=\"_self\" href=\"https:\/\/esterhazykastely.papa.hu\/#onnekajanljuk\"><i class=\"fa-arrow-left fas awb-button__icon awb-button__icon--default button-icon-left\" aria-hidden=\"true\"><\/i><span class=\"fusion-button-text awb-button__text awb-button__text--default\">Vissza<\/span><\/a><\/div><div class=\"fusion-clearfix\"><\/div><\/div><\/div><\/div><\/div>\n","protected":false},"excerpt":{"rendered":"","protected":false},"author":1,"featured_media":983,"comment_status":"open","ping_status":"open","sticky":false,"template":"","format":"standard","meta":{"footnotes":""},"categories":[11],"tags":[],"class_list":["post-16","post","type-post","status-publish","format-standard","has-post-thumbnail","hentry","category-blog"],"yoast_head":"<!-- This site is optimized with the Yoast SEO plugin v27.5 - https:\/\/yoast.com\/product\/yoast-seo-wordpress\/ -->\n<title>Id\u0151szaki ki\u00e1ll\u00edt\u00e1sok kast\u00e9lyunkban - Esterh\u00e1zy-kast\u00e9ly P\u00e1pa<\/title>\n<meta name=\"description\" content=\"Az idei \u00e9v id\u0151szaki ki\u00e1ll\u00edt\u00e1sa egy v\u00e1logat\u00e1s az elm\u00falt \u00e9vekben Thomas Emmerling n\u00e9met m\u0171gy\u0171jt\u0151vel k\u00f6z\u00f6sen megval\u00f3s\u00edtott \u00e9s a vend\u00e9geink \u00e1ltal legink\u00e1bb kedvelt m\u0171v\u00e9szek ki\u00e1ll\u00edt\u00e1saib\u00f3l. Emmerling \u00far gazdag gy\u0171jtem\u00e9ny\u00e9re alapozva a visszat\u00e9r\u0151 m\u0171v\u00e9szek, Salvador Dal\u00ed, Pablo Picasso \u00e9s Henri Matisse mell\u00e9 \u00faj vend\u00e9gek is \u00e9rkeztek, Joan Miro, Marc Chagall \u00e9s Kandinsky alkot\u00e1sai.\" \/>\n<meta name=\"robots\" content=\"index, follow, max-snippet:-1, max-image-preview:large, max-video-preview:-1\" \/>\n<link rel=\"canonical\" href=\"https:\/\/esterhazykastely.papa.hu\/?p=16\" \/>\n<meta property=\"og:locale\" content=\"hu_HU\" \/>\n<meta property=\"og:type\" content=\"article\" \/>\n<meta property=\"og:title\" content=\"Id\u0151szaki ki\u00e1ll\u00edt\u00e1sok kast\u00e9lyunkban - Esterh\u00e1zy-kast\u00e9ly P\u00e1pa\" \/>\n<meta property=\"og:description\" content=\"Az idei \u00e9v id\u0151szaki ki\u00e1ll\u00edt\u00e1sa egy v\u00e1logat\u00e1s az elm\u00falt \u00e9vekben Thomas Emmerling n\u00e9met m\u0171gy\u0171jt\u0151vel k\u00f6z\u00f6sen megval\u00f3s\u00edtott \u00e9s a vend\u00e9geink \u00e1ltal legink\u00e1bb kedvelt m\u0171v\u00e9szek ki\u00e1ll\u00edt\u00e1saib\u00f3l. Emmerling \u00far gazdag gy\u0171jtem\u00e9ny\u00e9re alapozva a visszat\u00e9r\u0151 m\u0171v\u00e9szek, Salvador Dal\u00ed, Pablo Picasso \u00e9s Henri Matisse mell\u00e9 \u00faj vend\u00e9gek is \u00e9rkeztek, Joan Miro, Marc Chagall \u00e9s Kandinsky alkot\u00e1sai.\" \/>\n<meta property=\"og:url\" content=\"https:\/\/esterhazykastely.papa.hu\/?p=16\" \/>\n<meta property=\"og:site_name\" content=\"Esterh\u00e1zy-kast\u00e9ly P\u00e1pa\" \/>\n<meta property=\"article:published_time\" content=\"2019-07-03T09:36:41+00:00\" \/>\n<meta property=\"article:modified_time\" content=\"2026-02-04T13:58:29+00:00\" \/>\n<meta property=\"og:image\" content=\"https:\/\/esterhazykastely.papa.hu\/wp-content\/uploads\/2019\/07\/N\u00e9vtelen-1.jpg\" \/>\n\t<meta property=\"og:image:width\" content=\"1200\" \/>\n\t<meta property=\"og:image:height\" content=\"801\" \/>\n\t<meta property=\"og:image:type\" content=\"image\/jpeg\" \/>\n<meta name=\"author\" content=\"nagybali\" \/>\n<meta name=\"twitter:card\" content=\"summary_large_image\" \/>\n<meta name=\"twitter:label1\" content=\"Szerz\u0151:\" \/>\n\t<meta name=\"twitter:data1\" content=\"nagybali\" \/>\n\t<meta name=\"twitter:label2\" content=\"Becs\u00fclt olvas\u00e1si id\u0151\" \/>\n\t<meta name=\"twitter:data2\" content=\"2 perc\" \/>\n<script type=\"application\/ld+json\" class=\"yoast-schema-graph\">{\"@context\":\"https:\\\/\\\/schema.org\",\"@graph\":[{\"@type\":\"Article\",\"@id\":\"https:\\\/\\\/esterhazykastely.papa.hu\\\/?p=16#article\",\"isPartOf\":{\"@id\":\"https:\\\/\\\/esterhazykastely.papa.hu\\\/?p=16\"},\"author\":{\"name\":\"nagybali\",\"@id\":\"https:\\\/\\\/esterhazykastely.papa.hu\\\/#\\\/schema\\\/person\\\/2c7b0cf4b8dbdee6921a8e605b7fde0f\"},\"headline\":\"Id\u0151szaki ki\u00e1ll\u00edt\u00e1sok kast\u00e9lyunkban\",\"datePublished\":\"2019-07-03T09:36:41+00:00\",\"dateModified\":\"2026-02-04T13:58:29+00:00\",\"mainEntityOfPage\":{\"@id\":\"https:\\\/\\\/esterhazykastely.papa.hu\\\/?p=16\"},\"wordCount\":378,\"commentCount\":0,\"image\":{\"@id\":\"https:\\\/\\\/esterhazykastely.papa.hu\\\/?p=16#primaryimage\"},\"thumbnailUrl\":\"https:\\\/\\\/esterhazykastely.papa.hu\\\/wp-content\\\/uploads\\\/2019\\\/07\\\/N\u00e9vtelen-1.jpg\",\"articleSection\":[\"blog\"],\"inLanguage\":\"hu\",\"potentialAction\":[{\"@type\":\"CommentAction\",\"name\":\"Comment\",\"target\":[\"https:\\\/\\\/esterhazykastely.papa.hu\\\/?p=16#respond\"]}]},{\"@type\":\"WebPage\",\"@id\":\"https:\\\/\\\/esterhazykastely.papa.hu\\\/?p=16\",\"url\":\"https:\\\/\\\/esterhazykastely.papa.hu\\\/?p=16\",\"name\":\"Id\u0151szaki ki\u00e1ll\u00edt\u00e1sok kast\u00e9lyunkban - Esterh\u00e1zy-kast\u00e9ly P\u00e1pa\",\"isPartOf\":{\"@id\":\"https:\\\/\\\/esterhazykastely.papa.hu\\\/#website\"},\"primaryImageOfPage\":{\"@id\":\"https:\\\/\\\/esterhazykastely.papa.hu\\\/?p=16#primaryimage\"},\"image\":{\"@id\":\"https:\\\/\\\/esterhazykastely.papa.hu\\\/?p=16#primaryimage\"},\"thumbnailUrl\":\"https:\\\/\\\/esterhazykastely.papa.hu\\\/wp-content\\\/uploads\\\/2019\\\/07\\\/N\u00e9vtelen-1.jpg\",\"datePublished\":\"2019-07-03T09:36:41+00:00\",\"dateModified\":\"2026-02-04T13:58:29+00:00\",\"author\":{\"@id\":\"https:\\\/\\\/esterhazykastely.papa.hu\\\/#\\\/schema\\\/person\\\/2c7b0cf4b8dbdee6921a8e605b7fde0f\"},\"description\":\"Az idei \u00e9v id\u0151szaki ki\u00e1ll\u00edt\u00e1sa egy v\u00e1logat\u00e1s az elm\u00falt \u00e9vekben Thomas Emmerling n\u00e9met m\u0171gy\u0171jt\u0151vel k\u00f6z\u00f6sen megval\u00f3s\u00edtott \u00e9s a vend\u00e9geink \u00e1ltal legink\u00e1bb kedvelt m\u0171v\u00e9szek ki\u00e1ll\u00edt\u00e1saib\u00f3l. Emmerling \u00far gazdag gy\u0171jtem\u00e9ny\u00e9re alapozva a visszat\u00e9r\u0151 m\u0171v\u00e9szek, Salvador Dal\u00ed, Pablo Picasso \u00e9s Henri Matisse mell\u00e9 \u00faj vend\u00e9gek is \u00e9rkeztek, Joan Miro, Marc Chagall \u00e9s Kandinsky alkot\u00e1sai.\",\"breadcrumb\":{\"@id\":\"https:\\\/\\\/esterhazykastely.papa.hu\\\/?p=16#breadcrumb\"},\"inLanguage\":\"hu\",\"potentialAction\":[{\"@type\":\"ReadAction\",\"target\":[\"https:\\\/\\\/esterhazykastely.papa.hu\\\/?p=16\"]}]},{\"@type\":\"ImageObject\",\"inLanguage\":\"hu\",\"@id\":\"https:\\\/\\\/esterhazykastely.papa.hu\\\/?p=16#primaryimage\",\"url\":\"https:\\\/\\\/esterhazykastely.papa.hu\\\/wp-content\\\/uploads\\\/2019\\\/07\\\/N\u00e9vtelen-1.jpg\",\"contentUrl\":\"https:\\\/\\\/esterhazykastely.papa.hu\\\/wp-content\\\/uploads\\\/2019\\\/07\\\/N\u00e9vtelen-1.jpg\",\"width\":1200,\"height\":801},{\"@type\":\"BreadcrumbList\",\"@id\":\"https:\\\/\\\/esterhazykastely.papa.hu\\\/?p=16#breadcrumb\",\"itemListElement\":[{\"@type\":\"ListItem\",\"position\":1,\"name\":\"Home\",\"item\":\"https:\\\/\\\/esterhazykastely.papa.hu\\\/\"},{\"@type\":\"ListItem\",\"position\":2,\"name\":\"Id\u0151szaki ki\u00e1ll\u00edt\u00e1sok kast\u00e9lyunkban\"}]},{\"@type\":\"WebSite\",\"@id\":\"https:\\\/\\\/esterhazykastely.papa.hu\\\/#website\",\"url\":\"https:\\\/\\\/esterhazykastely.papa.hu\\\/\",\"name\":\"Esterh\u00e1zy-kast\u00e9ly P\u00e1pa\",\"description\":\"\",\"potentialAction\":[{\"@type\":\"SearchAction\",\"target\":{\"@type\":\"EntryPoint\",\"urlTemplate\":\"https:\\\/\\\/esterhazykastely.papa.hu\\\/?s={search_term_string}\"},\"query-input\":{\"@type\":\"PropertyValueSpecification\",\"valueRequired\":true,\"valueName\":\"search_term_string\"}}],\"inLanguage\":\"hu\"},{\"@type\":\"Person\",\"@id\":\"https:\\\/\\\/esterhazykastely.papa.hu\\\/#\\\/schema\\\/person\\\/2c7b0cf4b8dbdee6921a8e605b7fde0f\",\"name\":\"nagybali\",\"image\":{\"@type\":\"ImageObject\",\"inLanguage\":\"hu\",\"@id\":\"https:\\\/\\\/secure.gravatar.com\\\/avatar\\\/c54e986044f0460a6942bf5dcef3c3d32bdd969b9414398e7610fb343bbefc17?s=96&d=mm&r=g\",\"url\":\"https:\\\/\\\/secure.gravatar.com\\\/avatar\\\/c54e986044f0460a6942bf5dcef3c3d32bdd969b9414398e7610fb343bbefc17?s=96&d=mm&r=g\",\"contentUrl\":\"https:\\\/\\\/secure.gravatar.com\\\/avatar\\\/c54e986044f0460a6942bf5dcef3c3d32bdd969b9414398e7610fb343bbefc17?s=96&d=mm&r=g\",\"caption\":\"nagybali\"},\"sameAs\":[\"http:\\\/\\\/teszt2.papaesvideke.hu\"],\"url\":\"https:\\\/\\\/esterhazykastely.papa.hu\\\/?author=1\"}]}<\/script>\n<!-- \/ Yoast SEO plugin. -->","yoast_head_json":{"title":"Id\u0151szaki ki\u00e1ll\u00edt\u00e1sok kast\u00e9lyunkban - Esterh\u00e1zy-kast\u00e9ly P\u00e1pa","description":"Az idei \u00e9v id\u0151szaki ki\u00e1ll\u00edt\u00e1sa egy v\u00e1logat\u00e1s az elm\u00falt \u00e9vekben Thomas Emmerling n\u00e9met m\u0171gy\u0171jt\u0151vel k\u00f6z\u00f6sen megval\u00f3s\u00edtott \u00e9s a vend\u00e9geink \u00e1ltal legink\u00e1bb kedvelt m\u0171v\u00e9szek ki\u00e1ll\u00edt\u00e1saib\u00f3l. Emmerling \u00far gazdag gy\u0171jtem\u00e9ny\u00e9re alapozva a visszat\u00e9r\u0151 m\u0171v\u00e9szek, Salvador Dal\u00ed, Pablo Picasso \u00e9s Henri Matisse mell\u00e9 \u00faj vend\u00e9gek is \u00e9rkeztek, Joan Miro, Marc Chagall \u00e9s Kandinsky alkot\u00e1sai.","robots":{"index":"index","follow":"follow","max-snippet":"max-snippet:-1","max-image-preview":"max-image-preview:large","max-video-preview":"max-video-preview:-1"},"canonical":"https:\/\/esterhazykastely.papa.hu\/?p=16","og_locale":"hu_HU","og_type":"article","og_title":"Id\u0151szaki ki\u00e1ll\u00edt\u00e1sok kast\u00e9lyunkban - Esterh\u00e1zy-kast\u00e9ly P\u00e1pa","og_description":"Az idei \u00e9v id\u0151szaki ki\u00e1ll\u00edt\u00e1sa egy v\u00e1logat\u00e1s az elm\u00falt \u00e9vekben Thomas Emmerling n\u00e9met m\u0171gy\u0171jt\u0151vel k\u00f6z\u00f6sen megval\u00f3s\u00edtott \u00e9s a vend\u00e9geink \u00e1ltal legink\u00e1bb kedvelt m\u0171v\u00e9szek ki\u00e1ll\u00edt\u00e1saib\u00f3l. Emmerling \u00far gazdag gy\u0171jtem\u00e9ny\u00e9re alapozva a visszat\u00e9r\u0151 m\u0171v\u00e9szek, Salvador Dal\u00ed, Pablo Picasso \u00e9s Henri Matisse mell\u00e9 \u00faj vend\u00e9gek is \u00e9rkeztek, Joan Miro, Marc Chagall \u00e9s Kandinsky alkot\u00e1sai.","og_url":"https:\/\/esterhazykastely.papa.hu\/?p=16","og_site_name":"Esterh\u00e1zy-kast\u00e9ly P\u00e1pa","article_published_time":"2019-07-03T09:36:41+00:00","article_modified_time":"2026-02-04T13:58:29+00:00","og_image":[{"width":1200,"height":801,"url":"https:\/\/esterhazykastely.papa.hu\/wp-content\/uploads\/2019\/07\/N\u00e9vtelen-1.jpg","type":"image\/jpeg"}],"author":"nagybali","twitter_card":"summary_large_image","twitter_misc":{"Szerz\u0151:":"nagybali","Becs\u00fclt olvas\u00e1si id\u0151":"2 perc"},"schema":{"@context":"https:\/\/schema.org","@graph":[{"@type":"Article","@id":"https:\/\/esterhazykastely.papa.hu\/?p=16#article","isPartOf":{"@id":"https:\/\/esterhazykastely.papa.hu\/?p=16"},"author":{"name":"nagybali","@id":"https:\/\/esterhazykastely.papa.hu\/#\/schema\/person\/2c7b0cf4b8dbdee6921a8e605b7fde0f"},"headline":"Id\u0151szaki ki\u00e1ll\u00edt\u00e1sok kast\u00e9lyunkban","datePublished":"2019-07-03T09:36:41+00:00","dateModified":"2026-02-04T13:58:29+00:00","mainEntityOfPage":{"@id":"https:\/\/esterhazykastely.papa.hu\/?p=16"},"wordCount":378,"commentCount":0,"image":{"@id":"https:\/\/esterhazykastely.papa.hu\/?p=16#primaryimage"},"thumbnailUrl":"https:\/\/esterhazykastely.papa.hu\/wp-content\/uploads\/2019\/07\/N\u00e9vtelen-1.jpg","articleSection":["blog"],"inLanguage":"hu","potentialAction":[{"@type":"CommentAction","name":"Comment","target":["https:\/\/esterhazykastely.papa.hu\/?p=16#respond"]}]},{"@type":"WebPage","@id":"https:\/\/esterhazykastely.papa.hu\/?p=16","url":"https:\/\/esterhazykastely.papa.hu\/?p=16","name":"Id\u0151szaki ki\u00e1ll\u00edt\u00e1sok kast\u00e9lyunkban - Esterh\u00e1zy-kast\u00e9ly P\u00e1pa","isPartOf":{"@id":"https:\/\/esterhazykastely.papa.hu\/#website"},"primaryImageOfPage":{"@id":"https:\/\/esterhazykastely.papa.hu\/?p=16#primaryimage"},"image":{"@id":"https:\/\/esterhazykastely.papa.hu\/?p=16#primaryimage"},"thumbnailUrl":"https:\/\/esterhazykastely.papa.hu\/wp-content\/uploads\/2019\/07\/N\u00e9vtelen-1.jpg","datePublished":"2019-07-03T09:36:41+00:00","dateModified":"2026-02-04T13:58:29+00:00","author":{"@id":"https:\/\/esterhazykastely.papa.hu\/#\/schema\/person\/2c7b0cf4b8dbdee6921a8e605b7fde0f"},"description":"Az idei \u00e9v id\u0151szaki ki\u00e1ll\u00edt\u00e1sa egy v\u00e1logat\u00e1s az elm\u00falt \u00e9vekben Thomas Emmerling n\u00e9met m\u0171gy\u0171jt\u0151vel k\u00f6z\u00f6sen megval\u00f3s\u00edtott \u00e9s a vend\u00e9geink \u00e1ltal legink\u00e1bb kedvelt m\u0171v\u00e9szek ki\u00e1ll\u00edt\u00e1saib\u00f3l. Emmerling \u00far gazdag gy\u0171jtem\u00e9ny\u00e9re alapozva a visszat\u00e9r\u0151 m\u0171v\u00e9szek, Salvador Dal\u00ed, Pablo Picasso \u00e9s Henri Matisse mell\u00e9 \u00faj vend\u00e9gek is \u00e9rkeztek, Joan Miro, Marc Chagall \u00e9s Kandinsky alkot\u00e1sai.","breadcrumb":{"@id":"https:\/\/esterhazykastely.papa.hu\/?p=16#breadcrumb"},"inLanguage":"hu","potentialAction":[{"@type":"ReadAction","target":["https:\/\/esterhazykastely.papa.hu\/?p=16"]}]},{"@type":"ImageObject","inLanguage":"hu","@id":"https:\/\/esterhazykastely.papa.hu\/?p=16#primaryimage","url":"https:\/\/esterhazykastely.papa.hu\/wp-content\/uploads\/2019\/07\/N\u00e9vtelen-1.jpg","contentUrl":"https:\/\/esterhazykastely.papa.hu\/wp-content\/uploads\/2019\/07\/N\u00e9vtelen-1.jpg","width":1200,"height":801},{"@type":"BreadcrumbList","@id":"https:\/\/esterhazykastely.papa.hu\/?p=16#breadcrumb","itemListElement":[{"@type":"ListItem","position":1,"name":"Home","item":"https:\/\/esterhazykastely.papa.hu\/"},{"@type":"ListItem","position":2,"name":"Id\u0151szaki ki\u00e1ll\u00edt\u00e1sok kast\u00e9lyunkban"}]},{"@type":"WebSite","@id":"https:\/\/esterhazykastely.papa.hu\/#website","url":"https:\/\/esterhazykastely.papa.hu\/","name":"Esterh\u00e1zy-kast\u00e9ly P\u00e1pa","description":"","potentialAction":[{"@type":"SearchAction","target":{"@type":"EntryPoint","urlTemplate":"https:\/\/esterhazykastely.papa.hu\/?s={search_term_string}"},"query-input":{"@type":"PropertyValueSpecification","valueRequired":true,"valueName":"search_term_string"}}],"inLanguage":"hu"},{"@type":"Person","@id":"https:\/\/esterhazykastely.papa.hu\/#\/schema\/person\/2c7b0cf4b8dbdee6921a8e605b7fde0f","name":"nagybali","image":{"@type":"ImageObject","inLanguage":"hu","@id":"https:\/\/secure.gravatar.com\/avatar\/c54e986044f0460a6942bf5dcef3c3d32bdd969b9414398e7610fb343bbefc17?s=96&d=mm&r=g","url":"https:\/\/secure.gravatar.com\/avatar\/c54e986044f0460a6942bf5dcef3c3d32bdd969b9414398e7610fb343bbefc17?s=96&d=mm&r=g","contentUrl":"https:\/\/secure.gravatar.com\/avatar\/c54e986044f0460a6942bf5dcef3c3d32bdd969b9414398e7610fb343bbefc17?s=96&d=mm&r=g","caption":"nagybali"},"sameAs":["http:\/\/teszt2.papaesvideke.hu"],"url":"https:\/\/esterhazykastely.papa.hu\/?author=1"}]}},"_links":{"self":[{"href":"https:\/\/esterhazykastely.papa.hu\/index.php?rest_route=\/wp\/v2\/posts\/16","targetHints":{"allow":["GET"]}}],"collection":[{"href":"https:\/\/esterhazykastely.papa.hu\/index.php?rest_route=\/wp\/v2\/posts"}],"about":[{"href":"https:\/\/esterhazykastely.papa.hu\/index.php?rest_route=\/wp\/v2\/types\/post"}],"author":[{"embeddable":true,"href":"https:\/\/esterhazykastely.papa.hu\/index.php?rest_route=\/wp\/v2\/users\/1"}],"replies":[{"embeddable":true,"href":"https:\/\/esterhazykastely.papa.hu\/index.php?rest_route=%2Fwp%2Fv2%2Fcomments&post=16"}],"version-history":[{"count":33,"href":"https:\/\/esterhazykastely.papa.hu\/index.php?rest_route=\/wp\/v2\/posts\/16\/revisions"}],"predecessor-version":[{"id":1110,"href":"https:\/\/esterhazykastely.papa.hu\/index.php?rest_route=\/wp\/v2\/posts\/16\/revisions\/1110"}],"wp:featuredmedia":[{"embeddable":true,"href":"https:\/\/esterhazykastely.papa.hu\/index.php?rest_route=\/wp\/v2\/media\/983"}],"wp:attachment":[{"href":"https:\/\/esterhazykastely.papa.hu\/index.php?rest_route=%2Fwp%2Fv2%2Fmedia&parent=16"}],"wp:term":[{"taxonomy":"category","embeddable":true,"href":"https:\/\/esterhazykastely.papa.hu\/index.php?rest_route=%2Fwp%2Fv2%2Fcategories&post=16"},{"taxonomy":"post_tag","embeddable":true,"href":"https:\/\/esterhazykastely.papa.hu\/index.php?rest_route=%2Fwp%2Fv2%2Ftags&post=16"}],"curies":[{"name":"wp","href":"https:\/\/api.w.org\/{rel}","templated":true}]}}