{"id":444,"date":"2020-07-14T08:11:22","date_gmt":"2020-07-14T08:11:22","guid":{"rendered":"http:\/\/teszt2.papaesvideke.hu\/?p=444"},"modified":"2026-04-28T10:41:03","modified_gmt":"2026-04-28T10:41:03","slug":"interaktiv-foglalkozas","status":"publish","type":"post","link":"https:\/\/esterhazykastely.papa.hu\/?p=444","title":{"rendered":"Interakt\u00edv foglalkoz\u00e1s"},"content":{"rendered":"<div class=\"fusion-fullwidth fullwidth-box fusion-builder-row-1 has-pattern-background has-mask-background nonhundred-percent-fullwidth non-hundred-percent-height-scrolling\" style=\"--link_color: rgba(185,103,94,0.02);--awb-border-radius-top-left:0px;--awb-border-radius-top-right:0px;--awb-border-radius-bottom-right:0px;--awb-border-radius-bottom-left:0px;--awb-flex-wrap:wrap;\" ><div class=\"fusion-builder-row fusion-row\"><div class=\"fusion-layout-column fusion_builder_column fusion-builder-column-0 fusion_builder_column_1_1 1_1 fusion-one-full fusion-column-first fusion-column-last\" style=\"--awb-bg-blend:luminosity;--awb-bg-size:cover;\" data-scroll-devices=\"small-visibility,medium-visibility,large-visibility\"><div class=\"fusion-column-wrapper fusion-column-has-shadow fusion-flex-column-wrapper-legacy\"><div class=\"fusion-text fusion-text-1\"><p>K\u00fcl\u00f6nleges, maradand\u00f3 \u00e9lm\u00e9nyt ny\u00fajtanak a hozz\u00e1nk l\u00e1togat\u00f3 gyermek- \u00e9s ifj\u00fas\u00e1gi csoportoknak interakt\u00edv foglalkoz\u00e1saink, melyeken a koroszt\u00e1lyoknak megfelel\u0151 j\u00e1t\u00e9kokon kereszt\u00fcl ismerkedhetnek meg kast\u00e9lyunkkal, az Esterh\u00e1zy csal\u00e1ddal, a f\u0151\u00fari \u00e9lettel \u00e9s a barokk korral.<\/p>\n<\/div><div class=\"fusion-sep-clear\"><\/div><div class=\"fusion-separator\" style=\"margin-left: auto;margin-right: auto;margin-top:20px;margin-bottom:30px;width:100%;max-width:126px;\"><div class=\"fusion-separator-border sep-single sep-solid\" style=\"--awb-height:20px;--awb-amount:20px;--awb-sep-color:#c7d3d6;border-color:#c7d3d6;border-top-width:1px;\"><\/div><\/div><div class=\"fusion-sep-clear\"><\/div><div class=\"fusion-text fusion-text-2\"><p><strong><em>A kast\u00e9ly man\u00f3i<br \/>\n<\/em><\/strong><strong><em>5-8 \u00e9ves koroszt\u00e1ly, 45 perc<\/em><\/strong><\/p>\n<p>A kast\u00e9ly nem csak a gr\u00f3fok otthona volt. Egy var\u00e1zslatos mese seg\u00edts\u00e9g\u00e9vel a gyerekek visszarep\u00fclnek az id\u0151ben, hogy megtudj\u00e1k, mikor \u00e9s mi\u00e9rt k\u00f6lt\u00f6ztek be a csintalan man\u00f3k a f\u0151\u00fari termekbe. S hogy m\u00e9g most is ott bujk\u00e1lnak-e, a foglalkoz\u00e1son kider\u00fcl. V\u00e9g\u00fcl mindenki elk\u00e9sz\u00edtheti a saj\u00e1t kis man\u00f3j\u00e1t.<\/p>\n<\/div><div class=\"awb-gallery-wrapper awb-gallery-wrapper-1 button-span-no\" style=\"--more-btn-alignment:center;\"><div style=\"margin:-5px;--awb-bordersize:0px;\" class=\"fusion-gallery fusion-gallery-container fusion-grid-4 fusion-columns-total-3 fusion-gallery-layout-grid fusion-gallery-1\"><div style=\"padding:5px;\" class=\"fusion-grid-column fusion-gallery-column fusion-gallery-column-4 hover-type-zoomin\"><div class=\"fusion-gallery-image\"><a href=\"https:\/\/esterhazykastely.papa.hu\/wp-content\/uploads\/2020\/07\/1.jpg\" rel=\"noreferrer\" data-rel=\"iLightbox[gallery_image_1]\" class=\"fusion-lightbox\" target=\"_self\"><img decoding=\"async\" src=\"https:\/\/esterhazykastely.papa.hu\/wp-content\/uploads\/2020\/07\/1-320x202.jpg\" width=\"320\" height=\"202\" alt=\"\" title=\"kast\u00e9ly man\u00f3\" aria-label=\"kast\u00e9ly man\u00f3\" class=\"img-responsive wp-image-1066 fusion-gallery-image-size-fixed\" srcset=\"https:\/\/esterhazykastely.papa.hu\/wp-content\/uploads\/2020\/07\/1-320x202.jpg 320w, https:\/\/esterhazykastely.papa.hu\/wp-content\/uploads\/2020\/07\/1-700x441.jpg 700w\" sizes=\"(max-width: 320px) 100vw, 320px\" \/><\/a><\/div><\/div><div style=\"padding:5px;\" class=\"fusion-grid-column fusion-gallery-column fusion-gallery-column-4 hover-type-zoomin\"><div class=\"fusion-gallery-image\"><a href=\"https:\/\/esterhazykastely.papa.hu\/wp-content\/uploads\/2026\/04\/A_kastely_manoi_1.jpg\" rel=\"noreferrer\" data-rel=\"iLightbox[gallery_image_1]\" class=\"fusion-lightbox\" target=\"_self\"><img decoding=\"async\" src=\"https:\/\/esterhazykastely.papa.hu\/wp-content\/uploads\/2026\/04\/A_kastely_manoi_1-320x202.jpg\" width=\"320\" height=\"202\" alt=\"\" title=\"A_kastely_manoi_1\" aria-label=\"A_kastely_manoi_1\" class=\"img-responsive wp-image-1272 fusion-gallery-image-size-fixed\" srcset=\"https:\/\/esterhazykastely.papa.hu\/wp-content\/uploads\/2026\/04\/A_kastely_manoi_1-320x202.jpg 320w, https:\/\/esterhazykastely.papa.hu\/wp-content\/uploads\/2026\/04\/A_kastely_manoi_1-700x441.jpg 700w\" sizes=\"(max-width: 320px) 100vw, 320px\" \/><\/a><\/div><\/div><div style=\"padding:5px;\" class=\"fusion-grid-column fusion-gallery-column fusion-gallery-column-4 hover-type-zoomin\"><div class=\"fusion-gallery-image\"><a href=\"https:\/\/esterhazykastely.papa.hu\/wp-content\/uploads\/2026\/04\/A_kastely_manoi_2.jpg\" rel=\"noreferrer\" data-rel=\"iLightbox[gallery_image_1]\" class=\"fusion-lightbox\" target=\"_self\"><img decoding=\"async\" src=\"https:\/\/esterhazykastely.papa.hu\/wp-content\/uploads\/2026\/04\/A_kastely_manoi_2-320x202.jpg\" width=\"320\" height=\"202\" alt=\"\" title=\"A_kastely_manoi_2\" aria-label=\"A_kastely_manoi_2\" class=\"img-responsive wp-image-1273 fusion-gallery-image-size-fixed\" srcset=\"https:\/\/esterhazykastely.papa.hu\/wp-content\/uploads\/2026\/04\/A_kastely_manoi_2-320x202.jpg 320w, https:\/\/esterhazykastely.papa.hu\/wp-content\/uploads\/2026\/04\/A_kastely_manoi_2-700x441.jpg 700w\" sizes=\"(max-width: 320px) 100vw, 320px\" \/><\/a><\/div><\/div><\/div><\/div><div class=\"fusion-sep-clear\"><\/div><div class=\"fusion-separator\" style=\"margin-left: auto;margin-right: auto;margin-top:20px;margin-bottom:30px;width:100%;max-width:126px;\"><div class=\"fusion-separator-border sep-single sep-solid\" style=\"--awb-height:20px;--awb-amount:20px;--awb-sep-color:#c7d3d6;border-color:#c7d3d6;border-top-width:1px;\"><\/div><\/div><div class=\"fusion-sep-clear\"><\/div><div class=\"fusion-text fusion-text-3\"><p><strong><em>\u00c9let a kast\u00e9lyban<br \/>\n<\/em><\/strong><strong><em>7-10 \u00e9ves koroszt\u00e1ly, 45 perc<\/em><\/strong><\/p>\n<p>A kast\u00e9ly termeibe r\u00e9gen csak kevesen kaptak bebocs\u00e1t\u00e1st. A gyerekek bel\u00e9phetnek a f\u0151\u00fari terekbe, bepillant\u00e1st nyerhetnek a gr\u00f3fi csal\u00e1d mindennapjaiba, megtudhatj\u00e1k mivel t\u00f6lt\u00f6tt\u00e9k idej\u00fcket a kast\u00e9ly lak\u00f3i. J\u00e1t\u00e9kos feladatok seg\u00edts\u00e9g\u00e9vel megismerik az Esterh\u00e1zyak \u00e9let\u00e9t.<\/p>\n<\/div><div class=\"awb-gallery-wrapper awb-gallery-wrapper-2 button-span-no\" style=\"--more-btn-alignment:center;\"><div style=\"margin:-5px;--awb-bordersize:0px;\" class=\"fusion-gallery fusion-gallery-container fusion-grid-4 fusion-columns-total-4 fusion-gallery-layout-grid fusion-gallery-2\"><div style=\"padding:5px;\" class=\"fusion-grid-column fusion-gallery-column fusion-gallery-column-4 hover-type-zoomin\"><div class=\"fusion-gallery-image\"><a href=\"https:\/\/esterhazykastely.papa.hu\/wp-content\/uploads\/2020\/07\/2.-fogl2.jpg\" rel=\"noreferrer\" data-rel=\"iLightbox[gallery_image_2]\" class=\"fusion-lightbox\" target=\"_self\"><img decoding=\"async\" src=\"https:\/\/esterhazykastely.papa.hu\/wp-content\/uploads\/2020\/07\/2.-fogl2-320x202.jpg\" width=\"320\" height=\"202\" alt=\"\u00c9let a kast\u00e9lyban\" title=\"\u00c9let a kast\u00e9lyban\" aria-label=\"\u00c9let a kast\u00e9lyban\" class=\"img-responsive wp-image-1070 fusion-gallery-image-size-fixed\" srcset=\"https:\/\/esterhazykastely.papa.hu\/wp-content\/uploads\/2020\/07\/2.-fogl2-320x202.jpg 320w, https:\/\/esterhazykastely.papa.hu\/wp-content\/uploads\/2020\/07\/2.-fogl2-700x441.jpg 700w\" sizes=\"(max-width: 320px) 100vw, 320px\" \/><\/a><\/div><\/div><div class=\"clearfix\"><\/div><div style=\"padding:5px;\" class=\"fusion-grid-column fusion-gallery-column fusion-gallery-column-4 hover-type-zoomin\"><div class=\"fusion-gallery-image\"><a href=\"https:\/\/esterhazykastely.papa.hu\/wp-content\/uploads\/2020\/07\/2.-fogl.jpg\" rel=\"noreferrer\" data-rel=\"iLightbox[gallery_image_2]\" class=\"fusion-lightbox\" target=\"_self\"><img decoding=\"async\" src=\"https:\/\/esterhazykastely.papa.hu\/wp-content\/uploads\/2020\/07\/2.-fogl-320x202.jpg\" width=\"320\" height=\"202\" alt=\"\u00c9let a kast\u00e9lyban\" title=\"\u00c9let a kast\u00e9lyban\" aria-label=\"\u00c9let a kast\u00e9lyban\" class=\"img-responsive wp-image-1071 fusion-gallery-image-size-fixed\" srcset=\"https:\/\/esterhazykastely.papa.hu\/wp-content\/uploads\/2020\/07\/2.-fogl-320x202.jpg 320w, https:\/\/esterhazykastely.papa.hu\/wp-content\/uploads\/2020\/07\/2.-fogl-700x441.jpg 700w\" sizes=\"(max-width: 320px) 100vw, 320px\" \/><\/a><\/div><\/div><div style=\"padding:5px;\" class=\"fusion-grid-column fusion-gallery-column fusion-gallery-column-4 hover-type-zoomin\"><div class=\"fusion-gallery-image\"><a href=\"https:\/\/esterhazykastely.papa.hu\/wp-content\/uploads\/2026\/04\/Elet-a-kastelyban-2.jpg\" rel=\"noreferrer\" data-rel=\"iLightbox[gallery_image_2]\" class=\"fusion-lightbox\" target=\"_self\"><img decoding=\"async\" src=\"https:\/\/esterhazykastely.papa.hu\/wp-content\/uploads\/2026\/04\/Elet-a-kastelyban-2-320x202.jpg\" width=\"320\" height=\"202\" alt=\"\" title=\"\u00c9let a kast\u00e9lyban 2\" aria-label=\"\u00c9let a kast\u00e9lyban 2\" class=\"img-responsive wp-image-1276 fusion-gallery-image-size-fixed\" srcset=\"https:\/\/esterhazykastely.papa.hu\/wp-content\/uploads\/2026\/04\/Elet-a-kastelyban-2-320x202.jpg 320w, https:\/\/esterhazykastely.papa.hu\/wp-content\/uploads\/2026\/04\/Elet-a-kastelyban-2-700x441.jpg 700w\" sizes=\"(max-width: 320px) 100vw, 320px\" \/><\/a><\/div><\/div><div style=\"padding:5px;\" class=\"fusion-grid-column fusion-gallery-column fusion-gallery-column-4 hover-type-zoomin\"><div class=\"fusion-gallery-image\"><a href=\"https:\/\/esterhazykastely.papa.hu\/wp-content\/uploads\/2026\/04\/Elet-a-kastelyban.jpg\" rel=\"noreferrer\" data-rel=\"iLightbox[gallery_image_2]\" class=\"fusion-lightbox\" target=\"_self\"><img decoding=\"async\" src=\"https:\/\/esterhazykastely.papa.hu\/wp-content\/uploads\/2026\/04\/Elet-a-kastelyban-320x202.jpg\" width=\"320\" height=\"202\" alt=\"\" title=\"\u00c9let a kast\u00e9lyban\" aria-label=\"\u00c9let a kast\u00e9lyban\" class=\"img-responsive wp-image-1275 fusion-gallery-image-size-fixed\" srcset=\"https:\/\/esterhazykastely.papa.hu\/wp-content\/uploads\/2026\/04\/Elet-a-kastelyban-320x202.jpg 320w, https:\/\/esterhazykastely.papa.hu\/wp-content\/uploads\/2026\/04\/Elet-a-kastelyban-700x441.jpg 700w\" sizes=\"(max-width: 320px) 100vw, 320px\" \/><\/a><\/div><\/div><\/div><\/div><div class=\"fusion-sep-clear\"><\/div><div class=\"fusion-separator\" style=\"margin-left: auto;margin-right: auto;margin-top:20px;margin-bottom:30px;width:100%;max-width:126px;\"><div class=\"fusion-separator-border sep-single sep-solid\" style=\"--awb-height:20px;--awb-amount:20px;--awb-sep-color:#c7d3d6;border-color:#c7d3d6;border-top-width:1px;\"><\/div><\/div><div class=\"fusion-sep-clear\"><\/div><div class=\"fusion-text fusion-text-4\"><p><strong>A gr\u00f3fi csal\u00e1d titkai<br \/>\n<\/strong><strong>11-14 \u00e9ves koroszt\u00e1ly, 45 perc<\/strong><\/p>\n<p>Ha a kast\u00e9ly falai besz\u00e9lni tudn\u00e1nak, elk\u00e9peszt\u0151 dolgokat mes\u00e9ln\u00e9nek. A di\u00e1kok megismerhetik az Esterh\u00e1zy-csal\u00e1d gener\u00e1ci\u00f3k \u00f3ta \u0151rz\u00f6tt titkait, \u00e9s a gr\u00f3fi csal\u00e1d mindennapjainak azon r\u00e9szleteit, amik m\u00e1sok el\u0151tt rejtve maradtak.<\/p>\n<\/div><div class=\"awb-gallery-wrapper awb-gallery-wrapper-3 button-span-no\" style=\"--more-btn-alignment:center;\"><div style=\"margin:-5px;--awb-bordersize:0px;\" class=\"fusion-gallery fusion-gallery-container fusion-grid-4 fusion-columns-total-2 fusion-gallery-layout-grid fusion-gallery-3\"><div style=\"padding:5px;\" class=\"fusion-grid-column fusion-gallery-column fusion-gallery-column-4 hover-type-zoomin\"><div class=\"fusion-gallery-image\"><a href=\"https:\/\/esterhazykastely.papa.hu\/wp-content\/uploads\/2026\/04\/A-grofi-csalad-titkai.jpg\" rel=\"noreferrer\" data-rel=\"iLightbox[gallery_image_3]\" class=\"fusion-lightbox\" target=\"_self\"><img decoding=\"async\" src=\"https:\/\/esterhazykastely.papa.hu\/wp-content\/uploads\/2026\/04\/A-grofi-csalad-titkai-320x202.jpg\" width=\"320\" height=\"202\" alt=\"\" title=\"A gr\u00f3fi csal\u00e1d titkai\" aria-label=\"A gr\u00f3fi csal\u00e1d titkai\" class=\"img-responsive wp-image-1270 fusion-gallery-image-size-fixed\" srcset=\"https:\/\/esterhazykastely.papa.hu\/wp-content\/uploads\/2026\/04\/A-grofi-csalad-titkai-320x202.jpg 320w, https:\/\/esterhazykastely.papa.hu\/wp-content\/uploads\/2026\/04\/A-grofi-csalad-titkai-700x441.jpg 700w\" sizes=\"(max-width: 320px) 100vw, 320px\" \/><\/a><\/div><\/div><div class=\"clearfix\"><\/div><div style=\"padding:5px;\" class=\"fusion-grid-column fusion-gallery-column fusion-gallery-column-4 hover-type-zoomin\"><div class=\"fusion-gallery-image\"><a href=\"https:\/\/esterhazykastely.papa.hu\/wp-content\/uploads\/2026\/04\/A-grofi-csalad-titkai-2.jpg\" rel=\"noreferrer\" data-rel=\"iLightbox[gallery_image_3]\" class=\"fusion-lightbox\" target=\"_self\"><img decoding=\"async\" src=\"https:\/\/esterhazykastely.papa.hu\/wp-content\/uploads\/2026\/04\/A-grofi-csalad-titkai-2-320x202.jpg\" width=\"320\" height=\"202\" alt=\"\" title=\"A gr\u00f3fi csal\u00e1d titkai 2\" aria-label=\"A gr\u00f3fi csal\u00e1d titkai 2\" class=\"img-responsive wp-image-1271 fusion-gallery-image-size-fixed\" srcset=\"https:\/\/esterhazykastely.papa.hu\/wp-content\/uploads\/2026\/04\/A-grofi-csalad-titkai-2-320x202.jpg 320w, https:\/\/esterhazykastely.papa.hu\/wp-content\/uploads\/2026\/04\/A-grofi-csalad-titkai-2-700x441.jpg 700w\" sizes=\"(max-width: 320px) 100vw, 320px\" \/><\/a><\/div><\/div><\/div><\/div><div class=\"fusion-sep-clear\"><\/div><div class=\"fusion-separator\" style=\"margin-left: auto;margin-right: auto;margin-top:20px;margin-bottom:30px;width:100%;max-width:126px;\"><div class=\"fusion-separator-border sep-single sep-solid\" style=\"--awb-height:20px;--awb-amount:20px;--awb-sep-color:#c7d3d6;border-color:#c7d3d6;border-top-width:1px;\"><\/div><\/div><div class=\"fusion-sep-clear\"><\/div><div class=\"fusion-text fusion-text-5\"><p><strong>\u00dari mulats\u00e1g<br \/>\n<\/strong><strong>7-12 \u00e9ves koroszt\u00e1ly, 45 perc<\/strong><\/p>\n<p>Vajon hogyan mulattak a gr\u00f3fi csal\u00e1d tagjai? A foglalkoz\u00e1son megelevenedik a barokk udvar minden pomp\u00e1ja! A gyerekek megismerik a gr\u00f3fi csal\u00e1d \u00e9let\u00e9t, a f\u0151\u00fari viseleteket, a legyez\u0151nyelvet, \u00e9s r\u00e9szesei lehetnek egy t\u00e1ncmulats\u00e1gnak.<\/p>\n<\/div><div class=\"awb-gallery-wrapper awb-gallery-wrapper-4 button-span-no\" style=\"--more-btn-alignment:center;\"><div style=\"margin:-5px;--awb-bordersize:0px;\" class=\"fusion-gallery fusion-gallery-container fusion-grid-4 fusion-columns-total-2 fusion-gallery-layout-grid fusion-gallery-4\"><div style=\"padding:5px;\" class=\"fusion-grid-column fusion-gallery-column fusion-gallery-column-4 hover-type-zoomin\"><div class=\"fusion-gallery-image\"><a href=\"https:\/\/esterhazykastely.papa.hu\/wp-content\/uploads\/2026\/04\/Uri-mulatsag-2.jpg\" rel=\"noreferrer\" data-rel=\"iLightbox[gallery_image_4]\" class=\"fusion-lightbox\" target=\"_self\"><img decoding=\"async\" src=\"https:\/\/esterhazykastely.papa.hu\/wp-content\/uploads\/2026\/04\/Uri-mulatsag-2-320x202.jpg\" width=\"320\" height=\"202\" alt=\"\" title=\"\u00dari mulats\u00e1g 2\" aria-label=\"\u00dari mulats\u00e1g 2\" class=\"img-responsive wp-image-1278 fusion-gallery-image-size-fixed\" srcset=\"https:\/\/esterhazykastely.papa.hu\/wp-content\/uploads\/2026\/04\/Uri-mulatsag-2-320x202.jpg 320w, https:\/\/esterhazykastely.papa.hu\/wp-content\/uploads\/2026\/04\/Uri-mulatsag-2-700x441.jpg 700w\" sizes=\"(max-width: 320px) 100vw, 320px\" \/><\/a><\/div><\/div><div style=\"padding:5px;\" class=\"fusion-grid-column fusion-gallery-column fusion-gallery-column-4 hover-type-zoomin\"><div class=\"fusion-gallery-image\"><a href=\"https:\/\/esterhazykastely.papa.hu\/wp-content\/uploads\/2026\/04\/Uri-mulatsag.jpg\" rel=\"noreferrer\" data-rel=\"iLightbox[gallery_image_4]\" class=\"fusion-lightbox\" target=\"_self\"><img decoding=\"async\" src=\"https:\/\/esterhazykastely.papa.hu\/wp-content\/uploads\/2026\/04\/Uri-mulatsag-320x202.jpg\" width=\"320\" height=\"202\" alt=\"\" title=\"\u00dari mulats\u00e1g\" aria-label=\"\u00dari mulats\u00e1g\" class=\"img-responsive wp-image-1277 fusion-gallery-image-size-fixed\" srcset=\"https:\/\/esterhazykastely.papa.hu\/wp-content\/uploads\/2026\/04\/Uri-mulatsag-320x202.jpg 320w, https:\/\/esterhazykastely.papa.hu\/wp-content\/uploads\/2026\/04\/Uri-mulatsag-700x441.jpg 700w\" sizes=\"(max-width: 320px) 100vw, 320px\" \/><\/a><\/div><\/div><\/div><\/div><div class=\"fusion-sep-clear\"><\/div><div class=\"fusion-separator\" style=\"margin-left: auto;margin-right: auto;margin-top:20px;margin-bottom:30px;width:100%;max-width:126px;\"><div class=\"fusion-separator-border sep-single sep-solid\" style=\"--awb-height:20px;--awb-amount:20px;--awb-sep-color:#c7d3d6;border-color:#c7d3d6;border-top-width:1px;\"><\/div><\/div><div class=\"fusion-sep-clear\"><\/div><div class=\"fusion-text fusion-text-6\"><p style=\"text-align: center;\">A foglalkoz\u00e1sokon val\u00f3 r\u00e9szv\u00e9telhez el\u0151zetes bejelentkez\u00e9s sz\u00fcks\u00e9ges<br \/>\nminimum egy h\u00e9ttel a foglalkoz\u00e1s id\u0151pontja el\u0151tt.<br \/>\nKiz\u00e1r\u00f3lag csoportok r\u00e9sz\u00e9re: 10 f\u0151 felett\u00a0<strong>1900,-Ft\/f\u0151<\/strong>.<br \/>\nP\u00e1pai int\u00e9zm\u00e9nyi csoportok sz\u00e1m\u00e1ra: 10 f\u0151 felett <strong>1700.-Ft\/f\u0151.<br \/>\n<\/strong><\/p>\n<p style=\"text-align: center;\"><strong>Inform\u00e1ci\u00f3:<\/strong><\/p>\n<p style=\"text-align: center;\">Martonn\u00e9 Csom Ad\u00e9l<br \/>\nm\u00fazeumpedag\u00f3gus<br \/>\ncsom.adel@gekm.hu<\/p>\n<\/div><div class=\"fusion-sep-clear\"><\/div><div class=\"fusion-separator\" style=\"margin-left: auto;margin-right: auto;margin-top:20px;margin-bottom:30px;width:100%;max-width:126px;\"><div class=\"fusion-separator-border sep-single sep-solid\" style=\"--awb-height:20px;--awb-amount:20px;--awb-sep-color:#c7d3d6;border-color:#c7d3d6;border-top-width:1px;\"><\/div><\/div><div class=\"fusion-sep-clear\"><\/div><div class=\"fusion-button-wrapper\"><a class=\"fusion-button button-flat button-small button-default fusion-button-default button-1 fusion-button-span-no \" target=\"_self\" href=\"https:\/\/esterhazykastely.papa.hu#gyermekeknek-csaladoknak\"><i class=\"fa-arrow-left fas awb-button__icon awb-button__icon--default button-icon-left\" aria-hidden=\"true\"><\/i><span class=\"fusion-button-text awb-button__text awb-button__text--default\">Vissza<\/span><\/a><\/div><div class=\"fusion-clearfix\"><\/div><\/div><\/div><\/div><\/div>\n","protected":false},"excerpt":{"rendered":"","protected":false},"author":1,"featured_media":0,"comment_status":"open","ping_status":"open","sticky":false,"template":"","format":"gallery","meta":{"footnotes":""},"categories":[1],"tags":[],"class_list":["post-444","post","type-post","status-publish","format-gallery","hentry","category-egyeb","post_format-post-format-gallery"],"yoast_head":"<!-- This site is optimized with the Yoast SEO plugin v27.5 - https:\/\/yoast.com\/product\/yoast-seo-wordpress\/ -->\n<title>Interakt\u00edv foglalkoz\u00e1s - Esterh\u00e1zy-kast\u00e9ly P\u00e1pa<\/title>\n<meta name=\"description\" content=\"K\u00fcl\u00f6nleges, maradand\u00f3 \u00e9lm\u00e9nyt ny\u00fajtanak a hozz\u00e1nk l\u00e1togat\u00f3 gyermek- \u00e9s ifj\u00fas\u00e1gi csoportoknak interakt\u00edv foglalkoz\u00e1saink, melyeken a koroszt\u00e1lyoknak megfelel\u0151 j\u00e1t\u00e9kokon kereszt\u00fcl ismerkedhetnek meg kast\u00e9lyunkkal, az Esterh\u00e1zy csal\u00e1ddal, a f\u0151\u00fari \u00e9lettel \u00e9s a barokk korral.\" \/>\n<meta name=\"robots\" content=\"index, follow, max-snippet:-1, max-image-preview:large, max-video-preview:-1\" \/>\n<link rel=\"canonical\" href=\"https:\/\/esterhazykastely.papa.hu\/?p=444\" \/>\n<meta property=\"og:locale\" content=\"hu_HU\" \/>\n<meta property=\"og:type\" content=\"article\" \/>\n<meta property=\"og:title\" content=\"Interakt\u00edv foglalkoz\u00e1s - Esterh\u00e1zy-kast\u00e9ly P\u00e1pa\" \/>\n<meta property=\"og:description\" content=\"K\u00fcl\u00f6nleges, maradand\u00f3 \u00e9lm\u00e9nyt ny\u00fajtanak a hozz\u00e1nk l\u00e1togat\u00f3 gyermek- \u00e9s ifj\u00fas\u00e1gi csoportoknak interakt\u00edv foglalkoz\u00e1saink, melyeken a koroszt\u00e1lyoknak megfelel\u0151 j\u00e1t\u00e9kokon kereszt\u00fcl ismerkedhetnek meg kast\u00e9lyunkkal, az Esterh\u00e1zy csal\u00e1ddal, a f\u0151\u00fari \u00e9lettel \u00e9s a barokk korral.\" \/>\n<meta property=\"og:url\" content=\"https:\/\/esterhazykastely.papa.hu\/?p=444\" \/>\n<meta property=\"og:site_name\" content=\"Esterh\u00e1zy-kast\u00e9ly P\u00e1pa\" \/>\n<meta property=\"article:published_time\" content=\"2020-07-14T08:11:22+00:00\" \/>\n<meta property=\"article:modified_time\" content=\"2026-04-28T10:41:03+00:00\" \/>\n<meta name=\"author\" content=\"nagybali\" \/>\n<meta name=\"twitter:card\" content=\"summary_large_image\" \/>\n<meta name=\"twitter:label1\" content=\"Szerz\u0151:\" \/>\n\t<meta name=\"twitter:data1\" content=\"nagybali\" \/>\n\t<meta name=\"twitter:label2\" content=\"Becs\u00fclt olvas\u00e1si id\u0151\" \/>\n\t<meta name=\"twitter:data2\" content=\"4 perc\" \/>\n<script type=\"application\/ld+json\" class=\"yoast-schema-graph\">{\"@context\":\"https:\\\/\\\/schema.org\",\"@graph\":[{\"@type\":\"Article\",\"@id\":\"https:\\\/\\\/esterhazykastely.papa.hu\\\/?p=444#article\",\"isPartOf\":{\"@id\":\"https:\\\/\\\/esterhazykastely.papa.hu\\\/?p=444\"},\"author\":{\"name\":\"nagybali\",\"@id\":\"https:\\\/\\\/esterhazykastely.papa.hu\\\/#\\\/schema\\\/person\\\/2c7b0cf4b8dbdee6921a8e605b7fde0f\"},\"headline\":\"Interakt\u00edv foglalkoz\u00e1s\",\"datePublished\":\"2020-07-14T08:11:22+00:00\",\"dateModified\":\"2026-04-28T10:41:03+00:00\",\"mainEntityOfPage\":{\"@id\":\"https:\\\/\\\/esterhazykastely.papa.hu\\\/?p=444\"},\"wordCount\":3283,\"commentCount\":0,\"articleSection\":[\"Egy\u00e9b kateg\u00f3ria\"],\"inLanguage\":\"hu\",\"potentialAction\":[{\"@type\":\"CommentAction\",\"name\":\"Comment\",\"target\":[\"https:\\\/\\\/esterhazykastely.papa.hu\\\/?p=444#respond\"]}]},{\"@type\":\"WebPage\",\"@id\":\"https:\\\/\\\/esterhazykastely.papa.hu\\\/?p=444\",\"url\":\"https:\\\/\\\/esterhazykastely.papa.hu\\\/?p=444\",\"name\":\"Interakt\u00edv foglalkoz\u00e1s - Esterh\u00e1zy-kast\u00e9ly P\u00e1pa\",\"isPartOf\":{\"@id\":\"https:\\\/\\\/esterhazykastely.papa.hu\\\/#website\"},\"datePublished\":\"2020-07-14T08:11:22+00:00\",\"dateModified\":\"2026-04-28T10:41:03+00:00\",\"author\":{\"@id\":\"https:\\\/\\\/esterhazykastely.papa.hu\\\/#\\\/schema\\\/person\\\/2c7b0cf4b8dbdee6921a8e605b7fde0f\"},\"description\":\"K\u00fcl\u00f6nleges, maradand\u00f3 \u00e9lm\u00e9nyt ny\u00fajtanak a hozz\u00e1nk l\u00e1togat\u00f3 gyermek- \u00e9s ifj\u00fas\u00e1gi csoportoknak interakt\u00edv foglalkoz\u00e1saink, melyeken a koroszt\u00e1lyoknak megfelel\u0151 j\u00e1t\u00e9kokon kereszt\u00fcl ismerkedhetnek meg kast\u00e9lyunkkal, az Esterh\u00e1zy csal\u00e1ddal, a f\u0151\u00fari \u00e9lettel \u00e9s a barokk korral.\",\"breadcrumb\":{\"@id\":\"https:\\\/\\\/esterhazykastely.papa.hu\\\/?p=444#breadcrumb\"},\"inLanguage\":\"hu\",\"potentialAction\":[{\"@type\":\"ReadAction\",\"target\":[\"https:\\\/\\\/esterhazykastely.papa.hu\\\/?p=444\"]}]},{\"@type\":\"BreadcrumbList\",\"@id\":\"https:\\\/\\\/esterhazykastely.papa.hu\\\/?p=444#breadcrumb\",\"itemListElement\":[{\"@type\":\"ListItem\",\"position\":1,\"name\":\"Home\",\"item\":\"https:\\\/\\\/esterhazykastely.papa.hu\\\/\"},{\"@type\":\"ListItem\",\"position\":2,\"name\":\"Interakt\u00edv foglalkoz\u00e1s\"}]},{\"@type\":\"WebSite\",\"@id\":\"https:\\\/\\\/esterhazykastely.papa.hu\\\/#website\",\"url\":\"https:\\\/\\\/esterhazykastely.papa.hu\\\/\",\"name\":\"Esterh\u00e1zy-kast\u00e9ly P\u00e1pa\",\"description\":\"\",\"potentialAction\":[{\"@type\":\"SearchAction\",\"target\":{\"@type\":\"EntryPoint\",\"urlTemplate\":\"https:\\\/\\\/esterhazykastely.papa.hu\\\/?s={search_term_string}\"},\"query-input\":{\"@type\":\"PropertyValueSpecification\",\"valueRequired\":true,\"valueName\":\"search_term_string\"}}],\"inLanguage\":\"hu\"},{\"@type\":\"Person\",\"@id\":\"https:\\\/\\\/esterhazykastely.papa.hu\\\/#\\\/schema\\\/person\\\/2c7b0cf4b8dbdee6921a8e605b7fde0f\",\"name\":\"nagybali\",\"image\":{\"@type\":\"ImageObject\",\"inLanguage\":\"hu\",\"@id\":\"https:\\\/\\\/secure.gravatar.com\\\/avatar\\\/c54e986044f0460a6942bf5dcef3c3d32bdd969b9414398e7610fb343bbefc17?s=96&d=mm&r=g\",\"url\":\"https:\\\/\\\/secure.gravatar.com\\\/avatar\\\/c54e986044f0460a6942bf5dcef3c3d32bdd969b9414398e7610fb343bbefc17?s=96&d=mm&r=g\",\"contentUrl\":\"https:\\\/\\\/secure.gravatar.com\\\/avatar\\\/c54e986044f0460a6942bf5dcef3c3d32bdd969b9414398e7610fb343bbefc17?s=96&d=mm&r=g\",\"caption\":\"nagybali\"},\"sameAs\":[\"http:\\\/\\\/teszt2.papaesvideke.hu\"],\"url\":\"https:\\\/\\\/esterhazykastely.papa.hu\\\/?author=1\"}]}<\/script>\n<!-- \/ Yoast SEO plugin. -->","yoast_head_json":{"title":"Interakt\u00edv foglalkoz\u00e1s - Esterh\u00e1zy-kast\u00e9ly P\u00e1pa","description":"K\u00fcl\u00f6nleges, maradand\u00f3 \u00e9lm\u00e9nyt ny\u00fajtanak a hozz\u00e1nk l\u00e1togat\u00f3 gyermek- \u00e9s ifj\u00fas\u00e1gi csoportoknak interakt\u00edv foglalkoz\u00e1saink, melyeken a koroszt\u00e1lyoknak megfelel\u0151 j\u00e1t\u00e9kokon kereszt\u00fcl ismerkedhetnek meg kast\u00e9lyunkkal, az Esterh\u00e1zy csal\u00e1ddal, a f\u0151\u00fari \u00e9lettel \u00e9s a barokk korral.","robots":{"index":"index","follow":"follow","max-snippet":"max-snippet:-1","max-image-preview":"max-image-preview:large","max-video-preview":"max-video-preview:-1"},"canonical":"https:\/\/esterhazykastely.papa.hu\/?p=444","og_locale":"hu_HU","og_type":"article","og_title":"Interakt\u00edv foglalkoz\u00e1s - Esterh\u00e1zy-kast\u00e9ly P\u00e1pa","og_description":"K\u00fcl\u00f6nleges, maradand\u00f3 \u00e9lm\u00e9nyt ny\u00fajtanak a hozz\u00e1nk l\u00e1togat\u00f3 gyermek- \u00e9s ifj\u00fas\u00e1gi csoportoknak interakt\u00edv foglalkoz\u00e1saink, melyeken a koroszt\u00e1lyoknak megfelel\u0151 j\u00e1t\u00e9kokon kereszt\u00fcl ismerkedhetnek meg kast\u00e9lyunkkal, az Esterh\u00e1zy csal\u00e1ddal, a f\u0151\u00fari \u00e9lettel \u00e9s a barokk korral.","og_url":"https:\/\/esterhazykastely.papa.hu\/?p=444","og_site_name":"Esterh\u00e1zy-kast\u00e9ly P\u00e1pa","article_published_time":"2020-07-14T08:11:22+00:00","article_modified_time":"2026-04-28T10:41:03+00:00","author":"nagybali","twitter_card":"summary_large_image","twitter_misc":{"Szerz\u0151:":"nagybali","Becs\u00fclt olvas\u00e1si id\u0151":"4 perc"},"schema":{"@context":"https:\/\/schema.org","@graph":[{"@type":"Article","@id":"https:\/\/esterhazykastely.papa.hu\/?p=444#article","isPartOf":{"@id":"https:\/\/esterhazykastely.papa.hu\/?p=444"},"author":{"name":"nagybali","@id":"https:\/\/esterhazykastely.papa.hu\/#\/schema\/person\/2c7b0cf4b8dbdee6921a8e605b7fde0f"},"headline":"Interakt\u00edv foglalkoz\u00e1s","datePublished":"2020-07-14T08:11:22+00:00","dateModified":"2026-04-28T10:41:03+00:00","mainEntityOfPage":{"@id":"https:\/\/esterhazykastely.papa.hu\/?p=444"},"wordCount":3283,"commentCount":0,"articleSection":["Egy\u00e9b kateg\u00f3ria"],"inLanguage":"hu","potentialAction":[{"@type":"CommentAction","name":"Comment","target":["https:\/\/esterhazykastely.papa.hu\/?p=444#respond"]}]},{"@type":"WebPage","@id":"https:\/\/esterhazykastely.papa.hu\/?p=444","url":"https:\/\/esterhazykastely.papa.hu\/?p=444","name":"Interakt\u00edv foglalkoz\u00e1s - Esterh\u00e1zy-kast\u00e9ly P\u00e1pa","isPartOf":{"@id":"https:\/\/esterhazykastely.papa.hu\/#website"},"datePublished":"2020-07-14T08:11:22+00:00","dateModified":"2026-04-28T10:41:03+00:00","author":{"@id":"https:\/\/esterhazykastely.papa.hu\/#\/schema\/person\/2c7b0cf4b8dbdee6921a8e605b7fde0f"},"description":"K\u00fcl\u00f6nleges, maradand\u00f3 \u00e9lm\u00e9nyt ny\u00fajtanak a hozz\u00e1nk l\u00e1togat\u00f3 gyermek- \u00e9s ifj\u00fas\u00e1gi csoportoknak interakt\u00edv foglalkoz\u00e1saink, melyeken a koroszt\u00e1lyoknak megfelel\u0151 j\u00e1t\u00e9kokon kereszt\u00fcl ismerkedhetnek meg kast\u00e9lyunkkal, az Esterh\u00e1zy csal\u00e1ddal, a f\u0151\u00fari \u00e9lettel \u00e9s a barokk korral.","breadcrumb":{"@id":"https:\/\/esterhazykastely.papa.hu\/?p=444#breadcrumb"},"inLanguage":"hu","potentialAction":[{"@type":"ReadAction","target":["https:\/\/esterhazykastely.papa.hu\/?p=444"]}]},{"@type":"BreadcrumbList","@id":"https:\/\/esterhazykastely.papa.hu\/?p=444#breadcrumb","itemListElement":[{"@type":"ListItem","position":1,"name":"Home","item":"https:\/\/esterhazykastely.papa.hu\/"},{"@type":"ListItem","position":2,"name":"Interakt\u00edv foglalkoz\u00e1s"}]},{"@type":"WebSite","@id":"https:\/\/esterhazykastely.papa.hu\/#website","url":"https:\/\/esterhazykastely.papa.hu\/","name":"Esterh\u00e1zy-kast\u00e9ly P\u00e1pa","description":"","potentialAction":[{"@type":"SearchAction","target":{"@type":"EntryPoint","urlTemplate":"https:\/\/esterhazykastely.papa.hu\/?s={search_term_string}"},"query-input":{"@type":"PropertyValueSpecification","valueRequired":true,"valueName":"search_term_string"}}],"inLanguage":"hu"},{"@type":"Person","@id":"https:\/\/esterhazykastely.papa.hu\/#\/schema\/person\/2c7b0cf4b8dbdee6921a8e605b7fde0f","name":"nagybali","image":{"@type":"ImageObject","inLanguage":"hu","@id":"https:\/\/secure.gravatar.com\/avatar\/c54e986044f0460a6942bf5dcef3c3d32bdd969b9414398e7610fb343bbefc17?s=96&d=mm&r=g","url":"https:\/\/secure.gravatar.com\/avatar\/c54e986044f0460a6942bf5dcef3c3d32bdd969b9414398e7610fb343bbefc17?s=96&d=mm&r=g","contentUrl":"https:\/\/secure.gravatar.com\/avatar\/c54e986044f0460a6942bf5dcef3c3d32bdd969b9414398e7610fb343bbefc17?s=96&d=mm&r=g","caption":"nagybali"},"sameAs":["http:\/\/teszt2.papaesvideke.hu"],"url":"https:\/\/esterhazykastely.papa.hu\/?author=1"}]}},"_links":{"self":[{"href":"https:\/\/esterhazykastely.papa.hu\/index.php?rest_route=\/wp\/v2\/posts\/444","targetHints":{"allow":["GET"]}}],"collection":[{"href":"https:\/\/esterhazykastely.papa.hu\/index.php?rest_route=\/wp\/v2\/posts"}],"about":[{"href":"https:\/\/esterhazykastely.papa.hu\/index.php?rest_route=\/wp\/v2\/types\/post"}],"author":[{"embeddable":true,"href":"https:\/\/esterhazykastely.papa.hu\/index.php?rest_route=\/wp\/v2\/users\/1"}],"replies":[{"embeddable":true,"href":"https:\/\/esterhazykastely.papa.hu\/index.php?rest_route=%2Fwp%2Fv2%2Fcomments&post=444"}],"version-history":[{"count":46,"href":"https:\/\/esterhazykastely.papa.hu\/index.php?rest_route=\/wp\/v2\/posts\/444\/revisions"}],"predecessor-version":[{"id":1280,"href":"https:\/\/esterhazykastely.papa.hu\/index.php?rest_route=\/wp\/v2\/posts\/444\/revisions\/1280"}],"wp:attachment":[{"href":"https:\/\/esterhazykastely.papa.hu\/index.php?rest_route=%2Fwp%2Fv2%2Fmedia&parent=444"}],"wp:term":[{"taxonomy":"category","embeddable":true,"href":"https:\/\/esterhazykastely.papa.hu\/index.php?rest_route=%2Fwp%2Fv2%2Fcategories&post=444"},{"taxonomy":"post_tag","embeddable":true,"href":"https:\/\/esterhazykastely.papa.hu\/index.php?rest_route=%2Fwp%2Fv2%2Ftags&post=444"}],"curies":[{"name":"wp","href":"https:\/\/api.w.org\/{rel}","templated":true}]}}