{"id":511,"date":"2020-10-07T10:16:03","date_gmt":"2020-10-07T10:16:03","guid":{"rendered":"http:\/\/teszt2.papaesvideke.hu\/?p=511"},"modified":"2020-12-30T10:23:42","modified_gmt":"2020-12-30T10:23:42","slug":"nemcsics-antal-allando-kiallitasa","status":"publish","type":"post","link":"https:\/\/esterhazykastely.papa.hu\/?p=511","title":{"rendered":"Nemcsics Antal \u00e1lland\u00f3 ki\u00e1ll\u00edt\u00e1sa"},"content":{"rendered":"<div class=\"fusion-fullwidth fullwidth-box fusion-builder-row-1 nonhundred-percent-fullwidth non-hundred-percent-height-scrolling\" style=\"--awb-border-radius-top-left:0px;--awb-border-radius-top-right:0px;--awb-border-radius-bottom-right:0px;--awb-border-radius-bottom-left:0px;--awb-flex-wrap:wrap;\" ><div class=\"fusion-builder-row fusion-row\"><div class=\"fusion-layout-column fusion_builder_column fusion-builder-column-0 fusion_builder_column_1_1 1_1 fusion-one-full fusion-column-first fusion-column-last\" style=\"--awb-bg-size:cover;\"><div class=\"fusion-column-wrapper fusion-flex-column-wrapper-legacy\"><div class=\"fusion-text fusion-text-1\"><p>Nemcsics Antal (1927-2019) fest\u0151m\u0171v\u00e9sz \u00e9s sz\u00ednkutat\u00f3 v\u00e1rosunk sz\u00fcl\u00f6tte. &#8222;<em>Kisdi\u00e1k koromban a p\u00e1pai &#8222;Nagytemplom&#8221; Maulbertsch-fresk\u00f3i ejtettek \u00e1mulatba. B\u00e1multam a z\u00f6ldek, k\u00e9kek, s\u00e1rg\u00e1k csod\u00e1latos harm\u00f3ni\u00e1it. \u00c9szrevettem, hogy ezek visszacsengenek a pill\u00e9rek, falak, hevederek sz\u00ednei k\u00f6z\u00f6tt. Ekkor hat\u00e1roztam el, hogy a templomok fest\u0151je leszek.<\/em>&#8221; Tan\u00e1ri, tudom\u00e1nyos \u00e9s k\u00e9pz\u0151m\u0171v\u00e9szeti tev\u00e9kenys\u00e9g\u00e9nek, sokoldal\u00fa \u00e9letm\u0171v\u00e9nek \u00f6sszefoglal\u00f3ja a kast\u00e9lyban 2015-ben elhelyezett \u00e1lland\u00f3 ki\u00e1ll\u00edt\u00e1s.<\/p>\n<p>Tov\u00e1bbi inform\u00e1ci\u00f3k Nemcsics Antal munk\u00e1ss\u00e1g\u00e1r\u00f3l \u00e9s a ki\u00e1ll\u00edt\u00e1sr\u00f3l: <a href=\"http:\/\/nemcsicsantal.papa.hu\" target=\"_blank\" rel=\"noopener noreferrer\">http:\/\/nemcsicsantal.papa.hu<\/a><\/p>\n<\/div><div class=\"awb-gallery-wrapper awb-gallery-wrapper-1 button-span-no\"><div style=\"margin:-5px;--awb-bordersize:0px;\" class=\"fusion-gallery fusion-gallery-container fusion-grid-4 fusion-columns-total-4 fusion-gallery-layout-grid fusion-gallery-1\"><div style=\"padding:5px;\" class=\"fusion-grid-column fusion-gallery-column fusion-gallery-column-4 hover-type-none\"><div class=\"fusion-gallery-image\"><a href=\"https:\/\/esterhazykastely.papa.hu\/wp-content\/uploads\/2020\/10\/Nemcsics-Antal-\u00e1lland\u00f3-ki\u00e1ll\u00edt\u00e1sa1.jpg\" rel=\"noreferrer\" data-rel=\"iLightbox[gallery_image_1]\" class=\"fusion-lightbox\" target=\"_self\"><img decoding=\"async\" src=\"https:\/\/esterhazykastely.papa.hu\/wp-content\/uploads\/2020\/10\/Nemcsics-Antal-\u00e1lland\u00f3-ki\u00e1ll\u00edt\u00e1sa1.jpg\" width=\"1200\" height=\"800\" alt=\"\" title=\"Nemcsics-Antal-\u00e1lland\u00f3-ki\u00e1ll\u00edt\u00e1sa1\" aria-label=\"Nemcsics-Antal-\u00e1lland\u00f3-ki\u00e1ll\u00edt\u00e1sa1\" class=\"img-responsive wp-image-517\" srcset=\"https:\/\/esterhazykastely.papa.hu\/wp-content\/uploads\/2020\/10\/Nemcsics-Antal-\u00e1lland\u00f3-ki\u00e1ll\u00edt\u00e1sa1-200x133.jpg 200w, https:\/\/esterhazykastely.papa.hu\/wp-content\/uploads\/2020\/10\/Nemcsics-Antal-\u00e1lland\u00f3-ki\u00e1ll\u00edt\u00e1sa1-400x267.jpg 400w, https:\/\/esterhazykastely.papa.hu\/wp-content\/uploads\/2020\/10\/Nemcsics-Antal-\u00e1lland\u00f3-ki\u00e1ll\u00edt\u00e1sa1-600x400.jpg 600w, https:\/\/esterhazykastely.papa.hu\/wp-content\/uploads\/2020\/10\/Nemcsics-Antal-\u00e1lland\u00f3-ki\u00e1ll\u00edt\u00e1sa1-800x533.jpg 800w, https:\/\/esterhazykastely.papa.hu\/wp-content\/uploads\/2020\/10\/Nemcsics-Antal-\u00e1lland\u00f3-ki\u00e1ll\u00edt\u00e1sa1.jpg 1200w\" sizes=\"(min-width: 2200px) 100vw, (min-width: 856px) 289px, (min-width: 784px) 385px, (min-width: 712px) 578px, (min-width: 640px) 712px, \" \/><\/a><\/div><\/div><div style=\"padding:5px;\" class=\"fusion-grid-column fusion-gallery-column fusion-gallery-column-4 hover-type-none\"><div class=\"fusion-gallery-image\"><a href=\"https:\/\/esterhazykastely.papa.hu\/wp-content\/uploads\/2020\/10\/Nemcsics-Antal-\u00e1lland\u00f3-ki\u00e1ll\u00edt\u00e1sa2.jpg\" rel=\"noreferrer\" data-rel=\"iLightbox[gallery_image_1]\" class=\"fusion-lightbox\" target=\"_self\"><img decoding=\"async\" src=\"https:\/\/esterhazykastely.papa.hu\/wp-content\/uploads\/2020\/10\/Nemcsics-Antal-\u00e1lland\u00f3-ki\u00e1ll\u00edt\u00e1sa2.jpg\" width=\"1200\" height=\"800\" alt=\"\" title=\"Nemcsics-Antal-\u00e1lland\u00f3-ki\u00e1ll\u00edt\u00e1sa2\" aria-label=\"Nemcsics-Antal-\u00e1lland\u00f3-ki\u00e1ll\u00edt\u00e1sa2\" class=\"img-responsive wp-image-518\" srcset=\"https:\/\/esterhazykastely.papa.hu\/wp-content\/uploads\/2020\/10\/Nemcsics-Antal-\u00e1lland\u00f3-ki\u00e1ll\u00edt\u00e1sa2-200x133.jpg 200w, https:\/\/esterhazykastely.papa.hu\/wp-content\/uploads\/2020\/10\/Nemcsics-Antal-\u00e1lland\u00f3-ki\u00e1ll\u00edt\u00e1sa2-400x267.jpg 400w, https:\/\/esterhazykastely.papa.hu\/wp-content\/uploads\/2020\/10\/Nemcsics-Antal-\u00e1lland\u00f3-ki\u00e1ll\u00edt\u00e1sa2-600x400.jpg 600w, https:\/\/esterhazykastely.papa.hu\/wp-content\/uploads\/2020\/10\/Nemcsics-Antal-\u00e1lland\u00f3-ki\u00e1ll\u00edt\u00e1sa2-800x533.jpg 800w, https:\/\/esterhazykastely.papa.hu\/wp-content\/uploads\/2020\/10\/Nemcsics-Antal-\u00e1lland\u00f3-ki\u00e1ll\u00edt\u00e1sa2.jpg 1200w\" sizes=\"(min-width: 2200px) 100vw, (min-width: 856px) 289px, (min-width: 784px) 385px, (min-width: 712px) 578px, (min-width: 640px) 712px, \" \/><\/a><\/div><\/div><div style=\"padding:5px;\" class=\"fusion-grid-column fusion-gallery-column fusion-gallery-column-4 hover-type-none\"><div class=\"fusion-gallery-image\"><a href=\"https:\/\/esterhazykastely.papa.hu\/wp-content\/uploads\/2020\/10\/Nemcsics-Antal-\u00e1lland\u00f3-ki\u00e1ll\u00edt\u00e1sa3.jpg\" rel=\"noreferrer\" data-rel=\"iLightbox[gallery_image_1]\" class=\"fusion-lightbox\" target=\"_self\"><img decoding=\"async\" src=\"https:\/\/esterhazykastely.papa.hu\/wp-content\/uploads\/2020\/10\/Nemcsics-Antal-\u00e1lland\u00f3-ki\u00e1ll\u00edt\u00e1sa3.jpg\" width=\"1200\" height=\"800\" alt=\"\" title=\"Nemcsics-Antal-\u00e1lland\u00f3-ki\u00e1ll\u00edt\u00e1sa3\" aria-label=\"Nemcsics-Antal-\u00e1lland\u00f3-ki\u00e1ll\u00edt\u00e1sa3\" class=\"img-responsive wp-image-519\" srcset=\"https:\/\/esterhazykastely.papa.hu\/wp-content\/uploads\/2020\/10\/Nemcsics-Antal-\u00e1lland\u00f3-ki\u00e1ll\u00edt\u00e1sa3-200x133.jpg 200w, https:\/\/esterhazykastely.papa.hu\/wp-content\/uploads\/2020\/10\/Nemcsics-Antal-\u00e1lland\u00f3-ki\u00e1ll\u00edt\u00e1sa3-400x267.jpg 400w, https:\/\/esterhazykastely.papa.hu\/wp-content\/uploads\/2020\/10\/Nemcsics-Antal-\u00e1lland\u00f3-ki\u00e1ll\u00edt\u00e1sa3-600x400.jpg 600w, https:\/\/esterhazykastely.papa.hu\/wp-content\/uploads\/2020\/10\/Nemcsics-Antal-\u00e1lland\u00f3-ki\u00e1ll\u00edt\u00e1sa3-800x533.jpg 800w, https:\/\/esterhazykastely.papa.hu\/wp-content\/uploads\/2020\/10\/Nemcsics-Antal-\u00e1lland\u00f3-ki\u00e1ll\u00edt\u00e1sa3.jpg 1200w\" sizes=\"(min-width: 2200px) 100vw, (min-width: 856px) 289px, (min-width: 784px) 385px, (min-width: 712px) 578px, (min-width: 640px) 712px, \" \/><\/a><\/div><\/div><div style=\"padding:5px;\" class=\"fusion-grid-column fusion-gallery-column fusion-gallery-column-4 hover-type-none\"><div class=\"fusion-gallery-image\"><a href=\"https:\/\/esterhazykastely.papa.hu\/wp-content\/uploads\/2020\/10\/Nemcsics-Antal-\u00e1lland\u00f3-ki\u00e1ll\u00edt\u00e1sa4.jpg\" rel=\"noreferrer\" data-rel=\"iLightbox[gallery_image_1]\" class=\"fusion-lightbox\" target=\"_self\"><img decoding=\"async\" src=\"https:\/\/esterhazykastely.papa.hu\/wp-content\/uploads\/2020\/10\/Nemcsics-Antal-\u00e1lland\u00f3-ki\u00e1ll\u00edt\u00e1sa4.jpg\" width=\"1200\" height=\"800\" alt=\"\" title=\"Nemcsics-Antal-\u00e1lland\u00f3-ki\u00e1ll\u00edt\u00e1sa4\" aria-label=\"Nemcsics-Antal-\u00e1lland\u00f3-ki\u00e1ll\u00edt\u00e1sa4\" class=\"img-responsive wp-image-520\" srcset=\"https:\/\/esterhazykastely.papa.hu\/wp-content\/uploads\/2020\/10\/Nemcsics-Antal-\u00e1lland\u00f3-ki\u00e1ll\u00edt\u00e1sa4-200x133.jpg 200w, https:\/\/esterhazykastely.papa.hu\/wp-content\/uploads\/2020\/10\/Nemcsics-Antal-\u00e1lland\u00f3-ki\u00e1ll\u00edt\u00e1sa4-400x267.jpg 400w, https:\/\/esterhazykastely.papa.hu\/wp-content\/uploads\/2020\/10\/Nemcsics-Antal-\u00e1lland\u00f3-ki\u00e1ll\u00edt\u00e1sa4-600x400.jpg 600w, https:\/\/esterhazykastely.papa.hu\/wp-content\/uploads\/2020\/10\/Nemcsics-Antal-\u00e1lland\u00f3-ki\u00e1ll\u00edt\u00e1sa4-800x533.jpg 800w, https:\/\/esterhazykastely.papa.hu\/wp-content\/uploads\/2020\/10\/Nemcsics-Antal-\u00e1lland\u00f3-ki\u00e1ll\u00edt\u00e1sa4.jpg 1200w\" sizes=\"(min-width: 2200px) 100vw, (min-width: 856px) 289px, (min-width: 784px) 385px, (min-width: 712px) 578px, (min-width: 640px) 712px, \" \/><\/a><\/div><\/div><div class=\"clearfix\"><\/div><\/div><\/div><div class=\"fusion-button-wrapper\"><a class=\"fusion-button button-flat button-small button-default fusion-button-default button-1 fusion-button-span-no \" target=\"_self\" href=\"https:\/\/esterhazykastely.papa.hu\/#onnekajanljuk\"><i class=\"fa-arrow-left fas awb-button__icon awb-button__icon--default button-icon-left\" aria-hidden=\"true\"><\/i><span class=\"fusion-button-text awb-button__text awb-button__text--default\">Vissza<\/span><\/a><\/div><div class=\"fusion-clearfix\"><\/div><\/div><\/div><\/div><\/div>\n","protected":false},"excerpt":{"rendered":"","protected":false},"author":1,"featured_media":512,"comment_status":"open","ping_status":"open","sticky":false,"template":"","format":"gallery","meta":{"footnotes":""},"categories":[11],"tags":[],"class_list":["post-511","post","type-post","status-publish","format-gallery","has-post-thumbnail","hentry","category-blog","post_format-post-format-gallery"],"yoast_head":"<!-- This site is optimized with the Yoast SEO plugin v27.5 - https:\/\/yoast.com\/product\/yoast-seo-wordpress\/ -->\n<title>Nemcsics Antal \u00e1lland\u00f3 ki\u00e1ll\u00edt\u00e1sa - Esterh\u00e1zy-kast\u00e9ly P\u00e1pa<\/title>\n<meta name=\"robots\" content=\"index, follow, max-snippet:-1, max-image-preview:large, max-video-preview:-1\" \/>\n<link rel=\"canonical\" href=\"https:\/\/esterhazykastely.papa.hu\/?p=511\" \/>\n<meta property=\"og:locale\" content=\"hu_HU\" \/>\n<meta property=\"og:type\" content=\"article\" \/>\n<meta property=\"og:title\" content=\"Nemcsics Antal \u00e1lland\u00f3 ki\u00e1ll\u00edt\u00e1sa - Esterh\u00e1zy-kast\u00e9ly P\u00e1pa\" \/>\n<meta property=\"og:url\" content=\"https:\/\/esterhazykastely.papa.hu\/?p=511\" \/>\n<meta property=\"og:site_name\" content=\"Esterh\u00e1zy-kast\u00e9ly P\u00e1pa\" \/>\n<meta property=\"article:published_time\" content=\"2020-10-07T10:16:03+00:00\" \/>\n<meta property=\"article:modified_time\" content=\"2020-12-30T10:23:42+00:00\" \/>\n<meta property=\"og:image\" content=\"https:\/\/esterhazykastely.papa.hu\/wp-content\/uploads\/2020\/10\/Nemcsics-Antal-\u00e1lland\u00f3-ki\u00e1ll\u00edt\u00e1sa-scaled.jpg\" \/>\n\t<meta property=\"og:image:width\" content=\"2560\" \/>\n\t<meta property=\"og:image:height\" content=\"1708\" \/>\n\t<meta property=\"og:image:type\" content=\"image\/jpeg\" \/>\n<meta name=\"author\" content=\"nagybali\" \/>\n<meta name=\"twitter:card\" content=\"summary_large_image\" \/>\n<meta name=\"twitter:label1\" content=\"Szerz\u0151:\" \/>\n\t<meta name=\"twitter:data1\" content=\"nagybali\" \/>\n\t<meta name=\"twitter:label2\" content=\"Becs\u00fclt olvas\u00e1si id\u0151\" \/>\n\t<meta name=\"twitter:data2\" content=\"3 perc\" \/>\n<script type=\"application\/ld+json\" class=\"yoast-schema-graph\">{\"@context\":\"https:\\\/\\\/schema.org\",\"@graph\":[{\"@type\":\"Article\",\"@id\":\"https:\\\/\\\/esterhazykastely.papa.hu\\\/?p=511#article\",\"isPartOf\":{\"@id\":\"https:\\\/\\\/esterhazykastely.papa.hu\\\/?p=511\"},\"author\":{\"name\":\"nagybali\",\"@id\":\"https:\\\/\\\/esterhazykastely.papa.hu\\\/#\\\/schema\\\/person\\\/2c7b0cf4b8dbdee6921a8e605b7fde0f\"},\"headline\":\"Nemcsics Antal \u00e1lland\u00f3 ki\u00e1ll\u00edt\u00e1sa\",\"datePublished\":\"2020-10-07T10:16:03+00:00\",\"dateModified\":\"2020-12-30T10:23:42+00:00\",\"mainEntityOfPage\":{\"@id\":\"https:\\\/\\\/esterhazykastely.papa.hu\\\/?p=511\"},\"wordCount\":590,\"commentCount\":0,\"image\":{\"@id\":\"https:\\\/\\\/esterhazykastely.papa.hu\\\/?p=511#primaryimage\"},\"thumbnailUrl\":\"https:\\\/\\\/esterhazykastely.papa.hu\\\/wp-content\\\/uploads\\\/2020\\\/10\\\/Nemcsics-Antal-\u00e1lland\u00f3-ki\u00e1ll\u00edt\u00e1sa-scaled.jpg\",\"articleSection\":[\"blog\"],\"inLanguage\":\"hu\",\"potentialAction\":[{\"@type\":\"CommentAction\",\"name\":\"Comment\",\"target\":[\"https:\\\/\\\/esterhazykastely.papa.hu\\\/?p=511#respond\"]}]},{\"@type\":\"WebPage\",\"@id\":\"https:\\\/\\\/esterhazykastely.papa.hu\\\/?p=511\",\"url\":\"https:\\\/\\\/esterhazykastely.papa.hu\\\/?p=511\",\"name\":\"Nemcsics Antal \u00e1lland\u00f3 ki\u00e1ll\u00edt\u00e1sa - Esterh\u00e1zy-kast\u00e9ly P\u00e1pa\",\"isPartOf\":{\"@id\":\"https:\\\/\\\/esterhazykastely.papa.hu\\\/#website\"},\"primaryImageOfPage\":{\"@id\":\"https:\\\/\\\/esterhazykastely.papa.hu\\\/?p=511#primaryimage\"},\"image\":{\"@id\":\"https:\\\/\\\/esterhazykastely.papa.hu\\\/?p=511#primaryimage\"},\"thumbnailUrl\":\"https:\\\/\\\/esterhazykastely.papa.hu\\\/wp-content\\\/uploads\\\/2020\\\/10\\\/Nemcsics-Antal-\u00e1lland\u00f3-ki\u00e1ll\u00edt\u00e1sa-scaled.jpg\",\"datePublished\":\"2020-10-07T10:16:03+00:00\",\"dateModified\":\"2020-12-30T10:23:42+00:00\",\"author\":{\"@id\":\"https:\\\/\\\/esterhazykastely.papa.hu\\\/#\\\/schema\\\/person\\\/2c7b0cf4b8dbdee6921a8e605b7fde0f\"},\"breadcrumb\":{\"@id\":\"https:\\\/\\\/esterhazykastely.papa.hu\\\/?p=511#breadcrumb\"},\"inLanguage\":\"hu\",\"potentialAction\":[{\"@type\":\"ReadAction\",\"target\":[\"https:\\\/\\\/esterhazykastely.papa.hu\\\/?p=511\"]}]},{\"@type\":\"ImageObject\",\"inLanguage\":\"hu\",\"@id\":\"https:\\\/\\\/esterhazykastely.papa.hu\\\/?p=511#primaryimage\",\"url\":\"https:\\\/\\\/esterhazykastely.papa.hu\\\/wp-content\\\/uploads\\\/2020\\\/10\\\/Nemcsics-Antal-\u00e1lland\u00f3-ki\u00e1ll\u00edt\u00e1sa-scaled.jpg\",\"contentUrl\":\"https:\\\/\\\/esterhazykastely.papa.hu\\\/wp-content\\\/uploads\\\/2020\\\/10\\\/Nemcsics-Antal-\u00e1lland\u00f3-ki\u00e1ll\u00edt\u00e1sa-scaled.jpg\",\"width\":2560,\"height\":1708,\"caption\":\"Nemcsics Antal \u00e1lland\u00f3 ki\u00e1ll\u00edt\u00e1sa\"},{\"@type\":\"BreadcrumbList\",\"@id\":\"https:\\\/\\\/esterhazykastely.papa.hu\\\/?p=511#breadcrumb\",\"itemListElement\":[{\"@type\":\"ListItem\",\"position\":1,\"name\":\"Home\",\"item\":\"https:\\\/\\\/esterhazykastely.papa.hu\\\/\"},{\"@type\":\"ListItem\",\"position\":2,\"name\":\"Nemcsics Antal \u00e1lland\u00f3 ki\u00e1ll\u00edt\u00e1sa\"}]},{\"@type\":\"WebSite\",\"@id\":\"https:\\\/\\\/esterhazykastely.papa.hu\\\/#website\",\"url\":\"https:\\\/\\\/esterhazykastely.papa.hu\\\/\",\"name\":\"Esterh\u00e1zy-kast\u00e9ly P\u00e1pa\",\"description\":\"\",\"potentialAction\":[{\"@type\":\"SearchAction\",\"target\":{\"@type\":\"EntryPoint\",\"urlTemplate\":\"https:\\\/\\\/esterhazykastely.papa.hu\\\/?s={search_term_string}\"},\"query-input\":{\"@type\":\"PropertyValueSpecification\",\"valueRequired\":true,\"valueName\":\"search_term_string\"}}],\"inLanguage\":\"hu\"},{\"@type\":\"Person\",\"@id\":\"https:\\\/\\\/esterhazykastely.papa.hu\\\/#\\\/schema\\\/person\\\/2c7b0cf4b8dbdee6921a8e605b7fde0f\",\"name\":\"nagybali\",\"image\":{\"@type\":\"ImageObject\",\"inLanguage\":\"hu\",\"@id\":\"https:\\\/\\\/secure.gravatar.com\\\/avatar\\\/c54e986044f0460a6942bf5dcef3c3d32bdd969b9414398e7610fb343bbefc17?s=96&d=mm&r=g\",\"url\":\"https:\\\/\\\/secure.gravatar.com\\\/avatar\\\/c54e986044f0460a6942bf5dcef3c3d32bdd969b9414398e7610fb343bbefc17?s=96&d=mm&r=g\",\"contentUrl\":\"https:\\\/\\\/secure.gravatar.com\\\/avatar\\\/c54e986044f0460a6942bf5dcef3c3d32bdd969b9414398e7610fb343bbefc17?s=96&d=mm&r=g\",\"caption\":\"nagybali\"},\"sameAs\":[\"http:\\\/\\\/teszt2.papaesvideke.hu\"],\"url\":\"https:\\\/\\\/esterhazykastely.papa.hu\\\/?author=1\"}]}<\/script>\n<!-- \/ Yoast SEO plugin. -->","yoast_head_json":{"title":"Nemcsics Antal \u00e1lland\u00f3 ki\u00e1ll\u00edt\u00e1sa - Esterh\u00e1zy-kast\u00e9ly P\u00e1pa","robots":{"index":"index","follow":"follow","max-snippet":"max-snippet:-1","max-image-preview":"max-image-preview:large","max-video-preview":"max-video-preview:-1"},"canonical":"https:\/\/esterhazykastely.papa.hu\/?p=511","og_locale":"hu_HU","og_type":"article","og_title":"Nemcsics Antal \u00e1lland\u00f3 ki\u00e1ll\u00edt\u00e1sa - Esterh\u00e1zy-kast\u00e9ly P\u00e1pa","og_url":"https:\/\/esterhazykastely.papa.hu\/?p=511","og_site_name":"Esterh\u00e1zy-kast\u00e9ly P\u00e1pa","article_published_time":"2020-10-07T10:16:03+00:00","article_modified_time":"2020-12-30T10:23:42+00:00","og_image":[{"width":2560,"height":1708,"url":"https:\/\/esterhazykastely.papa.hu\/wp-content\/uploads\/2020\/10\/Nemcsics-Antal-\u00e1lland\u00f3-ki\u00e1ll\u00edt\u00e1sa-scaled.jpg","type":"image\/jpeg"}],"author":"nagybali","twitter_card":"summary_large_image","twitter_misc":{"Szerz\u0151:":"nagybali","Becs\u00fclt olvas\u00e1si id\u0151":"3 perc"},"schema":{"@context":"https:\/\/schema.org","@graph":[{"@type":"Article","@id":"https:\/\/esterhazykastely.papa.hu\/?p=511#article","isPartOf":{"@id":"https:\/\/esterhazykastely.papa.hu\/?p=511"},"author":{"name":"nagybali","@id":"https:\/\/esterhazykastely.papa.hu\/#\/schema\/person\/2c7b0cf4b8dbdee6921a8e605b7fde0f"},"headline":"Nemcsics Antal \u00e1lland\u00f3 ki\u00e1ll\u00edt\u00e1sa","datePublished":"2020-10-07T10:16:03+00:00","dateModified":"2020-12-30T10:23:42+00:00","mainEntityOfPage":{"@id":"https:\/\/esterhazykastely.papa.hu\/?p=511"},"wordCount":590,"commentCount":0,"image":{"@id":"https:\/\/esterhazykastely.papa.hu\/?p=511#primaryimage"},"thumbnailUrl":"https:\/\/esterhazykastely.papa.hu\/wp-content\/uploads\/2020\/10\/Nemcsics-Antal-\u00e1lland\u00f3-ki\u00e1ll\u00edt\u00e1sa-scaled.jpg","articleSection":["blog"],"inLanguage":"hu","potentialAction":[{"@type":"CommentAction","name":"Comment","target":["https:\/\/esterhazykastely.papa.hu\/?p=511#respond"]}]},{"@type":"WebPage","@id":"https:\/\/esterhazykastely.papa.hu\/?p=511","url":"https:\/\/esterhazykastely.papa.hu\/?p=511","name":"Nemcsics Antal \u00e1lland\u00f3 ki\u00e1ll\u00edt\u00e1sa - Esterh\u00e1zy-kast\u00e9ly P\u00e1pa","isPartOf":{"@id":"https:\/\/esterhazykastely.papa.hu\/#website"},"primaryImageOfPage":{"@id":"https:\/\/esterhazykastely.papa.hu\/?p=511#primaryimage"},"image":{"@id":"https:\/\/esterhazykastely.papa.hu\/?p=511#primaryimage"},"thumbnailUrl":"https:\/\/esterhazykastely.papa.hu\/wp-content\/uploads\/2020\/10\/Nemcsics-Antal-\u00e1lland\u00f3-ki\u00e1ll\u00edt\u00e1sa-scaled.jpg","datePublished":"2020-10-07T10:16:03+00:00","dateModified":"2020-12-30T10:23:42+00:00","author":{"@id":"https:\/\/esterhazykastely.papa.hu\/#\/schema\/person\/2c7b0cf4b8dbdee6921a8e605b7fde0f"},"breadcrumb":{"@id":"https:\/\/esterhazykastely.papa.hu\/?p=511#breadcrumb"},"inLanguage":"hu","potentialAction":[{"@type":"ReadAction","target":["https:\/\/esterhazykastely.papa.hu\/?p=511"]}]},{"@type":"ImageObject","inLanguage":"hu","@id":"https:\/\/esterhazykastely.papa.hu\/?p=511#primaryimage","url":"https:\/\/esterhazykastely.papa.hu\/wp-content\/uploads\/2020\/10\/Nemcsics-Antal-\u00e1lland\u00f3-ki\u00e1ll\u00edt\u00e1sa-scaled.jpg","contentUrl":"https:\/\/esterhazykastely.papa.hu\/wp-content\/uploads\/2020\/10\/Nemcsics-Antal-\u00e1lland\u00f3-ki\u00e1ll\u00edt\u00e1sa-scaled.jpg","width":2560,"height":1708,"caption":"Nemcsics Antal \u00e1lland\u00f3 ki\u00e1ll\u00edt\u00e1sa"},{"@type":"BreadcrumbList","@id":"https:\/\/esterhazykastely.papa.hu\/?p=511#breadcrumb","itemListElement":[{"@type":"ListItem","position":1,"name":"Home","item":"https:\/\/esterhazykastely.papa.hu\/"},{"@type":"ListItem","position":2,"name":"Nemcsics Antal \u00e1lland\u00f3 ki\u00e1ll\u00edt\u00e1sa"}]},{"@type":"WebSite","@id":"https:\/\/esterhazykastely.papa.hu\/#website","url":"https:\/\/esterhazykastely.papa.hu\/","name":"Esterh\u00e1zy-kast\u00e9ly P\u00e1pa","description":"","potentialAction":[{"@type":"SearchAction","target":{"@type":"EntryPoint","urlTemplate":"https:\/\/esterhazykastely.papa.hu\/?s={search_term_string}"},"query-input":{"@type":"PropertyValueSpecification","valueRequired":true,"valueName":"search_term_string"}}],"inLanguage":"hu"},{"@type":"Person","@id":"https:\/\/esterhazykastely.papa.hu\/#\/schema\/person\/2c7b0cf4b8dbdee6921a8e605b7fde0f","name":"nagybali","image":{"@type":"ImageObject","inLanguage":"hu","@id":"https:\/\/secure.gravatar.com\/avatar\/c54e986044f0460a6942bf5dcef3c3d32bdd969b9414398e7610fb343bbefc17?s=96&d=mm&r=g","url":"https:\/\/secure.gravatar.com\/avatar\/c54e986044f0460a6942bf5dcef3c3d32bdd969b9414398e7610fb343bbefc17?s=96&d=mm&r=g","contentUrl":"https:\/\/secure.gravatar.com\/avatar\/c54e986044f0460a6942bf5dcef3c3d32bdd969b9414398e7610fb343bbefc17?s=96&d=mm&r=g","caption":"nagybali"},"sameAs":["http:\/\/teszt2.papaesvideke.hu"],"url":"https:\/\/esterhazykastely.papa.hu\/?author=1"}]}},"_links":{"self":[{"href":"https:\/\/esterhazykastely.papa.hu\/index.php?rest_route=\/wp\/v2\/posts\/511","targetHints":{"allow":["GET"]}}],"collection":[{"href":"https:\/\/esterhazykastely.papa.hu\/index.php?rest_route=\/wp\/v2\/posts"}],"about":[{"href":"https:\/\/esterhazykastely.papa.hu\/index.php?rest_route=\/wp\/v2\/types\/post"}],"author":[{"embeddable":true,"href":"https:\/\/esterhazykastely.papa.hu\/index.php?rest_route=\/wp\/v2\/users\/1"}],"replies":[{"embeddable":true,"href":"https:\/\/esterhazykastely.papa.hu\/index.php?rest_route=%2Fwp%2Fv2%2Fcomments&post=511"}],"version-history":[{"count":7,"href":"https:\/\/esterhazykastely.papa.hu\/index.php?rest_route=\/wp\/v2\/posts\/511\/revisions"}],"predecessor-version":[{"id":688,"href":"https:\/\/esterhazykastely.papa.hu\/index.php?rest_route=\/wp\/v2\/posts\/511\/revisions\/688"}],"wp:featuredmedia":[{"embeddable":true,"href":"https:\/\/esterhazykastely.papa.hu\/index.php?rest_route=\/wp\/v2\/media\/512"}],"wp:attachment":[{"href":"https:\/\/esterhazykastely.papa.hu\/index.php?rest_route=%2Fwp%2Fv2%2Fmedia&parent=511"}],"wp:term":[{"taxonomy":"category","embeddable":true,"href":"https:\/\/esterhazykastely.papa.hu\/index.php?rest_route=%2Fwp%2Fv2%2Fcategories&post=511"},{"taxonomy":"post_tag","embeddable":true,"href":"https:\/\/esterhazykastely.papa.hu\/index.php?rest_route=%2Fwp%2Fv2%2Ftags&post=511"}],"curies":[{"name":"wp","href":"https:\/\/api.w.org\/{rel}","templated":true}]}}