{"id":928,"date":"2024-06-28T11:35:06","date_gmt":"2024-06-28T11:35:06","guid":{"rendered":"https:\/\/esterhazykastely.papa.hu\/?p=928"},"modified":"2024-07-22T07:52:09","modified_gmt":"2024-07-22T07:52:09","slug":"haydn-fesztival","status":"publish","type":"post","link":"https:\/\/esterhazykastely.papa.hu\/?p=928","title":{"rendered":"XXVII. Haydn fesztiv\u00e1l a Budapesti Von\u00f3sokkal"},"content":{"rendered":"<p>A Budapesti Von\u00f3sok id\u00e9n 27. alkalommal rendezi meg Haydn fesztiv\u00e1lj\u00e1t, melynek 4. \u00e9ve P\u00e1pa v\u00e1rosa \u00e9s az Esterh\u00e1zy-kast\u00e9ly ad otthont. A h\u00e9tv\u00e9gi program k\u00edn\u00e1lata 3 esti koncert a kast\u00e9ly udvar\u00e1ban, sz\u00f3listak\u00e9nt S\u00e1rk\u00f6zy Lajos heged\u0171m\u0171v\u00e9sz, a Gy\u0151ri \u00dct\u0151egy\u00fcttes \u00e9s Cs\u00e1ki Andr\u00e1s git\u00e1rm\u0171v\u00e9sz lesz a Budapesti Von\u00f3sok partnere. Szombaton \u00e9s vas\u00e1rnap zen\u00e9s kast\u00e9yt\u00far\u00e1kon hallgathatnak Haydn kamarazen\u00e9t korabeli k\u00f6rnyezetben, vas\u00e1rnap d\u00e9lel\u0151tt pedig B\u0151sze \u00c1d\u00e1mmal j\u00e1rhatj\u00e1k be a v\u00e1ros zenei vonatkoz\u00e1s\u00fa eml\u00e9khelyeit. T\u00f6ltsenek vel\u00fcnk egy kultur\u00e1lis \u00e9lm\u00e9nyekben gazdag h\u00e9tv\u00e9g\u00e9t \u00e9s fedezz\u00e9k fel P\u00e1pa gy\u00f6ny\u00f6r\u0171 parkjait, \u00e9p\u00fcleteit \u00e9s vend\u00e9gszeretet\u00e9t!<\/p>\n<h5 class=\"elementor-heading-title elementor-size-default\">A XXVII. Haydn Fesztiv\u00e1l programjai<\/h5>\n<p><strong>2024. j\u00falius 12. p\u00e9ntek \u2013 1. nap<\/strong><\/p>\n<p><strong>20:00 \u2013 Nyit\u00f3koncer<\/strong>t<\/p>\n<p>Helyszi\u0301n: Eszterh\u00e1zy-kast\u00e9ly udvara \u2013 P\u00e1pa<\/p>\n<p>S\u00e1rk\u00f6zi Lajos \u00e9s a Budapesti Von\u00f3sok<\/p>\n<p>M\u0171sor:<br \/>\nHaydn: G-d\u00far szimf\u00f3nia Hob. I.:27<br \/>\nPablo de Sarasate: Baszk fant\u00e1zia Op. 24<br \/>\nPablo de Sarasate: Carmen fant\u00e1zia Op. 25<br \/>\nPablo de Sarasate: Cig\u00e1nydalok Op. 20<\/p>\n<p>\u2014<\/p>\n<p>Dvo\u0159ak: F-d\u00far \u201eAmerikai\u201d kvartett Op. 96 \u2013 zenekari v\u00e1ltozat<\/p>\n<p>&nbsp;<\/p>\n<p><strong>2024. j\u00falius 13. szombat \u2013 2. nap<\/strong><\/p>\n<p><strong>12:00, 13:00, 14:00 \u2013 Zen\u00e9s kast\u00e9lyt\u00far\u00e1k<\/strong><\/p>\n<p>A helyi szervez\u0151kkel egy\u00fctt kialak\u00edtott olyan interakt\u00edv, zen\u00e9s t\u00e1rlatvezet\u00e9sek, ahol a l\u00e1togat\u00f3k egyszerre ismerhetik meg az \u00e9p\u00fclet gy\u00f6ny\u00f6r\u0171en berendezett termeinek t\u00f6rt\u00e9net\u00e9t, hallhatnak \u00e9rdekes legend\u00e1kat az Esterh\u00e1zyak \u00e9let\u00e9r\u0151l, l\u00e1thatj\u00e1k hogyan zajlottak a mindennapok a kast\u00e9lyban, mik\u00f6zben Haydn csod\u00e1latos kamarazen\u00e9i sz\u00f3lalnak meg a Budapest Von\u00f3sok el\u0151ad\u00e1s\u00e1ban.<\/p>\n<p><strong>19:00 B\u0151sze \u00c1d\u00e1m el\u0151ad\u00e1sa<\/strong><\/p>\n<p><strong>20:00 \u2013 A Gy\u0151ri \u00dct\u0151egy\u00fcttes \u00e9s a Budapesti Von\u00f3sok<\/strong><\/p>\n<p>Helyszi\u0301n: Eszterh\u00e1zy-kast\u00e9ly udvara \u2013 P\u00e1pa<\/p>\n<p>M\u0171sor:<br \/>\nCsajkovszkij: Firenzei eml\u00e9k<br \/>\nBizet-Scsedrin: Carmen-szvit<\/p>\n<p>&nbsp;<\/p>\n<p><strong>2024. j\u00falius 14. vas\u00e1rnap \u2013 3. nap<\/strong><\/p>\n<p><strong>13:00, 14:00, 15:00 \u2013 Zen\u00e9s kast\u00e9lyt\u00far\u00e1k<\/strong><\/p>\n<p>A helyi szervez\u0151kkel egy\u00fctt kialak\u00edtott olyan interakt\u00edv, zen\u00e9s t\u00e1rlatvezet\u00e9sek, ahol a l\u00e1togat\u00f3k egyszerre ismerhetik meg az \u00e9p\u00fclet gy\u00f6ny\u00f6r\u0171en berendezett termeinek t\u00f6rt\u00e9net\u00e9t, hallhatnak \u00e9rdekes legend\u00e1kat az Esterh\u00e1zyak \u00e9let\u00e9r\u0151l, l\u00e1thatj\u00e1k hogyan zajlottak a mindennapok a kast\u00e9lyban, mik\u00f6zben Haydn csod\u00e1latos kamarazen\u00e9i sz\u00f3lalnak meg a Budapest Von\u00f3sok el\u0151ad\u00e1s\u00e1ban.<\/p>\n<p><strong>18:00 \u2013 Cs\u00e1ki Andr\u00e1s git\u00e1rm\u0171v\u00e9sz \u00e9s a Budapesti Von\u00f3sok<\/strong><\/p>\n<p>Helyszi\u0301n: Eszterh\u00e1zy-kast\u00e9ly udvara \u2013 P\u00e1pa<\/p>\n<p>M\u0171sor:<br \/>\nM. Haydn: C-d\u00far quintetto concertante MH 187<br \/>\nM.Giuliani: A-d\u00far git\u00e1rverseny op. 30<\/p>\n<p>\u2014<\/p>\n<p>J. Turina: Torre\u00e1dor im\u00e1ja op 34<br \/>\nIsaac Albeniz: Spanyol szvit \u2013 r\u00e9szletek<\/p>\n","protected":false},"excerpt":{"rendered":"","protected":false},"author":1,"featured_media":932,"comment_status":"open","ping_status":"open","sticky":false,"template":"","format":"standard","meta":{"footnotes":""},"categories":[1],"tags":[],"class_list":["post-928","post","type-post","status-publish","format-standard","has-post-thumbnail","hentry","category-egyeb"],"yoast_head":"<!-- This site is optimized with the Yoast SEO plugin v27.5 - https:\/\/yoast.com\/product\/yoast-seo-wordpress\/ -->\n<title>XXVII. Haydn fesztiv\u00e1l a Budapesti Von\u00f3sokkal - Esterh\u00e1zy-kast\u00e9ly P\u00e1pa<\/title>\n<meta name=\"description\" content=\"A Budapesti Von\u00f3sok id\u00e9n 27. alkalommal rendezi meg Haydn fesztiv\u00e1lj\u00e1t, melynek 4. \u00e9ve P\u00e1pa v\u00e1rosa \u00e9s az Eszterh\u00e1zy-kast\u00e9ly ad otthont. A h\u00e9tv\u00e9gi program k\u00edn\u00e1lata 3 esti koncert a kast\u00e9ly udvar\u00e1ban, sz\u00f3listak\u00e9nt S\u00e1rk\u00f6zy Lajos heged\u0171m\u0171v\u00e9sz, a Gy\u0151ri \u00dct\u0151egy\u00fcttes \u00e9s Cs\u00e1ki Andr\u00e1s git\u00e1rm\u0171v\u00e9sz lesz a Budapesti Von\u00f3sok partnere.\" \/>\n<meta name=\"robots\" content=\"index, follow, max-snippet:-1, max-image-preview:large, max-video-preview:-1\" \/>\n<link rel=\"canonical\" href=\"https:\/\/esterhazykastely.papa.hu\/?p=928\" \/>\n<meta property=\"og:locale\" content=\"hu_HU\" \/>\n<meta property=\"og:type\" content=\"article\" \/>\n<meta property=\"og:title\" content=\"XXVII. Haydn fesztiv\u00e1l a Budapesti Von\u00f3sokkal - Esterh\u00e1zy-kast\u00e9ly P\u00e1pa\" \/>\n<meta property=\"og:description\" content=\"A Budapesti Von\u00f3sok id\u00e9n 27. alkalommal rendezi meg Haydn fesztiv\u00e1lj\u00e1t, melynek 4. \u00e9ve P\u00e1pa v\u00e1rosa \u00e9s az Eszterh\u00e1zy-kast\u00e9ly ad otthont. A h\u00e9tv\u00e9gi program k\u00edn\u00e1lata 3 esti koncert a kast\u00e9ly udvar\u00e1ban, sz\u00f3listak\u00e9nt S\u00e1rk\u00f6zy Lajos heged\u0171m\u0171v\u00e9sz, a Gy\u0151ri \u00dct\u0151egy\u00fcttes \u00e9s Cs\u00e1ki Andr\u00e1s git\u00e1rm\u0171v\u00e9sz lesz a Budapesti Von\u00f3sok partnere.\" \/>\n<meta property=\"og:url\" content=\"https:\/\/esterhazykastely.papa.hu\/?p=928\" \/>\n<meta property=\"og:site_name\" content=\"Esterh\u00e1zy-kast\u00e9ly P\u00e1pa\" \/>\n<meta property=\"article:published_time\" content=\"2024-06-28T11:35:06+00:00\" \/>\n<meta property=\"article:modified_time\" content=\"2024-07-22T07:52:09+00:00\" \/>\n<meta property=\"og:image\" content=\"https:\/\/esterhazykastely.papa.hu\/wp-content\/uploads\/2024\/06\/Haydn-fesztiv\u00e1l.jpg\" \/>\n\t<meta property=\"og:image:width\" content=\"1200\" \/>\n\t<meta property=\"og:image:height\" content=\"801\" \/>\n\t<meta property=\"og:image:type\" content=\"image\/jpeg\" \/>\n<meta name=\"author\" content=\"nagybali\" \/>\n<meta name=\"twitter:card\" content=\"summary_large_image\" \/>\n<meta name=\"twitter:label1\" content=\"Szerz\u0151:\" \/>\n\t<meta name=\"twitter:data1\" content=\"nagybali\" \/>\n\t<meta name=\"twitter:label2\" content=\"Becs\u00fclt olvas\u00e1si id\u0151\" \/>\n\t<meta name=\"twitter:data2\" content=\"2 perc\" \/>\n<script type=\"application\/ld+json\" class=\"yoast-schema-graph\">{\"@context\":\"https:\\\/\\\/schema.org\",\"@graph\":[{\"@type\":\"Article\",\"@id\":\"https:\\\/\\\/esterhazykastely.papa.hu\\\/?p=928#article\",\"isPartOf\":{\"@id\":\"https:\\\/\\\/esterhazykastely.papa.hu\\\/?p=928\"},\"author\":{\"name\":\"nagybali\",\"@id\":\"https:\\\/\\\/esterhazykastely.papa.hu\\\/#\\\/schema\\\/person\\\/2c7b0cf4b8dbdee6921a8e605b7fde0f\"},\"headline\":\"XXVII. Haydn fesztiv\u00e1l a Budapesti Von\u00f3sokkal\",\"datePublished\":\"2024-06-28T11:35:06+00:00\",\"dateModified\":\"2024-07-22T07:52:09+00:00\",\"mainEntityOfPage\":{\"@id\":\"https:\\\/\\\/esterhazykastely.papa.hu\\\/?p=928\"},\"wordCount\":476,\"commentCount\":0,\"image\":{\"@id\":\"https:\\\/\\\/esterhazykastely.papa.hu\\\/?p=928#primaryimage\"},\"thumbnailUrl\":\"https:\\\/\\\/esterhazykastely.papa.hu\\\/wp-content\\\/uploads\\\/2024\\\/06\\\/Haydn-fesztiv\u00e1l.jpg\",\"articleSection\":[\"Egy\u00e9b kateg\u00f3ria\"],\"inLanguage\":\"hu\",\"potentialAction\":[{\"@type\":\"CommentAction\",\"name\":\"Comment\",\"target\":[\"https:\\\/\\\/esterhazykastely.papa.hu\\\/?p=928#respond\"]}]},{\"@type\":\"WebPage\",\"@id\":\"https:\\\/\\\/esterhazykastely.papa.hu\\\/?p=928\",\"url\":\"https:\\\/\\\/esterhazykastely.papa.hu\\\/?p=928\",\"name\":\"XXVII. Haydn fesztiv\u00e1l a Budapesti Von\u00f3sokkal - Esterh\u00e1zy-kast\u00e9ly P\u00e1pa\",\"isPartOf\":{\"@id\":\"https:\\\/\\\/esterhazykastely.papa.hu\\\/#website\"},\"primaryImageOfPage\":{\"@id\":\"https:\\\/\\\/esterhazykastely.papa.hu\\\/?p=928#primaryimage\"},\"image\":{\"@id\":\"https:\\\/\\\/esterhazykastely.papa.hu\\\/?p=928#primaryimage\"},\"thumbnailUrl\":\"https:\\\/\\\/esterhazykastely.papa.hu\\\/wp-content\\\/uploads\\\/2024\\\/06\\\/Haydn-fesztiv\u00e1l.jpg\",\"datePublished\":\"2024-06-28T11:35:06+00:00\",\"dateModified\":\"2024-07-22T07:52:09+00:00\",\"author\":{\"@id\":\"https:\\\/\\\/esterhazykastely.papa.hu\\\/#\\\/schema\\\/person\\\/2c7b0cf4b8dbdee6921a8e605b7fde0f\"},\"description\":\"A Budapesti Von\u00f3sok id\u00e9n 27. alkalommal rendezi meg Haydn fesztiv\u00e1lj\u00e1t, melynek 4. \u00e9ve P\u00e1pa v\u00e1rosa \u00e9s az Eszterh\u00e1zy-kast\u00e9ly ad otthont. A h\u00e9tv\u00e9gi program k\u00edn\u00e1lata 3 esti koncert a kast\u00e9ly udvar\u00e1ban, sz\u00f3listak\u00e9nt S\u00e1rk\u00f6zy Lajos heged\u0171m\u0171v\u00e9sz, a Gy\u0151ri \u00dct\u0151egy\u00fcttes \u00e9s Cs\u00e1ki Andr\u00e1s git\u00e1rm\u0171v\u00e9sz lesz a Budapesti Von\u00f3sok partnere.\",\"breadcrumb\":{\"@id\":\"https:\\\/\\\/esterhazykastely.papa.hu\\\/?p=928#breadcrumb\"},\"inLanguage\":\"hu\",\"potentialAction\":[{\"@type\":\"ReadAction\",\"target\":[\"https:\\\/\\\/esterhazykastely.papa.hu\\\/?p=928\"]}]},{\"@type\":\"ImageObject\",\"inLanguage\":\"hu\",\"@id\":\"https:\\\/\\\/esterhazykastely.papa.hu\\\/?p=928#primaryimage\",\"url\":\"https:\\\/\\\/esterhazykastely.papa.hu\\\/wp-content\\\/uploads\\\/2024\\\/06\\\/Haydn-fesztiv\u00e1l.jpg\",\"contentUrl\":\"https:\\\/\\\/esterhazykastely.papa.hu\\\/wp-content\\\/uploads\\\/2024\\\/06\\\/Haydn-fesztiv\u00e1l.jpg\",\"width\":1200,\"height\":801},{\"@type\":\"BreadcrumbList\",\"@id\":\"https:\\\/\\\/esterhazykastely.papa.hu\\\/?p=928#breadcrumb\",\"itemListElement\":[{\"@type\":\"ListItem\",\"position\":1,\"name\":\"Home\",\"item\":\"https:\\\/\\\/esterhazykastely.papa.hu\\\/\"},{\"@type\":\"ListItem\",\"position\":2,\"name\":\"XXVII. Haydn fesztiv\u00e1l a Budapesti Von\u00f3sokkal\"}]},{\"@type\":\"WebSite\",\"@id\":\"https:\\\/\\\/esterhazykastely.papa.hu\\\/#website\",\"url\":\"https:\\\/\\\/esterhazykastely.papa.hu\\\/\",\"name\":\"Esterh\u00e1zy-kast\u00e9ly P\u00e1pa\",\"description\":\"\",\"potentialAction\":[{\"@type\":\"SearchAction\",\"target\":{\"@type\":\"EntryPoint\",\"urlTemplate\":\"https:\\\/\\\/esterhazykastely.papa.hu\\\/?s={search_term_string}\"},\"query-input\":{\"@type\":\"PropertyValueSpecification\",\"valueRequired\":true,\"valueName\":\"search_term_string\"}}],\"inLanguage\":\"hu\"},{\"@type\":\"Person\",\"@id\":\"https:\\\/\\\/esterhazykastely.papa.hu\\\/#\\\/schema\\\/person\\\/2c7b0cf4b8dbdee6921a8e605b7fde0f\",\"name\":\"nagybali\",\"image\":{\"@type\":\"ImageObject\",\"inLanguage\":\"hu\",\"@id\":\"https:\\\/\\\/secure.gravatar.com\\\/avatar\\\/c54e986044f0460a6942bf5dcef3c3d32bdd969b9414398e7610fb343bbefc17?s=96&d=mm&r=g\",\"url\":\"https:\\\/\\\/secure.gravatar.com\\\/avatar\\\/c54e986044f0460a6942bf5dcef3c3d32bdd969b9414398e7610fb343bbefc17?s=96&d=mm&r=g\",\"contentUrl\":\"https:\\\/\\\/secure.gravatar.com\\\/avatar\\\/c54e986044f0460a6942bf5dcef3c3d32bdd969b9414398e7610fb343bbefc17?s=96&d=mm&r=g\",\"caption\":\"nagybali\"},\"sameAs\":[\"http:\\\/\\\/teszt2.papaesvideke.hu\"],\"url\":\"https:\\\/\\\/esterhazykastely.papa.hu\\\/?author=1\"}]}<\/script>\n<!-- \/ Yoast SEO plugin. -->","yoast_head_json":{"title":"XXVII. Haydn fesztiv\u00e1l a Budapesti Von\u00f3sokkal - Esterh\u00e1zy-kast\u00e9ly P\u00e1pa","description":"A Budapesti Von\u00f3sok id\u00e9n 27. alkalommal rendezi meg Haydn fesztiv\u00e1lj\u00e1t, melynek 4. \u00e9ve P\u00e1pa v\u00e1rosa \u00e9s az Eszterh\u00e1zy-kast\u00e9ly ad otthont. A h\u00e9tv\u00e9gi program k\u00edn\u00e1lata 3 esti koncert a kast\u00e9ly udvar\u00e1ban, sz\u00f3listak\u00e9nt S\u00e1rk\u00f6zy Lajos heged\u0171m\u0171v\u00e9sz, a Gy\u0151ri \u00dct\u0151egy\u00fcttes \u00e9s Cs\u00e1ki Andr\u00e1s git\u00e1rm\u0171v\u00e9sz lesz a Budapesti Von\u00f3sok partnere.","robots":{"index":"index","follow":"follow","max-snippet":"max-snippet:-1","max-image-preview":"max-image-preview:large","max-video-preview":"max-video-preview:-1"},"canonical":"https:\/\/esterhazykastely.papa.hu\/?p=928","og_locale":"hu_HU","og_type":"article","og_title":"XXVII. Haydn fesztiv\u00e1l a Budapesti Von\u00f3sokkal - Esterh\u00e1zy-kast\u00e9ly P\u00e1pa","og_description":"A Budapesti Von\u00f3sok id\u00e9n 27. alkalommal rendezi meg Haydn fesztiv\u00e1lj\u00e1t, melynek 4. \u00e9ve P\u00e1pa v\u00e1rosa \u00e9s az Eszterh\u00e1zy-kast\u00e9ly ad otthont. A h\u00e9tv\u00e9gi program k\u00edn\u00e1lata 3 esti koncert a kast\u00e9ly udvar\u00e1ban, sz\u00f3listak\u00e9nt S\u00e1rk\u00f6zy Lajos heged\u0171m\u0171v\u00e9sz, a Gy\u0151ri \u00dct\u0151egy\u00fcttes \u00e9s Cs\u00e1ki Andr\u00e1s git\u00e1rm\u0171v\u00e9sz lesz a Budapesti Von\u00f3sok partnere.","og_url":"https:\/\/esterhazykastely.papa.hu\/?p=928","og_site_name":"Esterh\u00e1zy-kast\u00e9ly P\u00e1pa","article_published_time":"2024-06-28T11:35:06+00:00","article_modified_time":"2024-07-22T07:52:09+00:00","og_image":[{"width":1200,"height":801,"url":"https:\/\/esterhazykastely.papa.hu\/wp-content\/uploads\/2024\/06\/Haydn-fesztiv\u00e1l.jpg","type":"image\/jpeg"}],"author":"nagybali","twitter_card":"summary_large_image","twitter_misc":{"Szerz\u0151:":"nagybali","Becs\u00fclt olvas\u00e1si id\u0151":"2 perc"},"schema":{"@context":"https:\/\/schema.org","@graph":[{"@type":"Article","@id":"https:\/\/esterhazykastely.papa.hu\/?p=928#article","isPartOf":{"@id":"https:\/\/esterhazykastely.papa.hu\/?p=928"},"author":{"name":"nagybali","@id":"https:\/\/esterhazykastely.papa.hu\/#\/schema\/person\/2c7b0cf4b8dbdee6921a8e605b7fde0f"},"headline":"XXVII. Haydn fesztiv\u00e1l a Budapesti Von\u00f3sokkal","datePublished":"2024-06-28T11:35:06+00:00","dateModified":"2024-07-22T07:52:09+00:00","mainEntityOfPage":{"@id":"https:\/\/esterhazykastely.papa.hu\/?p=928"},"wordCount":476,"commentCount":0,"image":{"@id":"https:\/\/esterhazykastely.papa.hu\/?p=928#primaryimage"},"thumbnailUrl":"https:\/\/esterhazykastely.papa.hu\/wp-content\/uploads\/2024\/06\/Haydn-fesztiv\u00e1l.jpg","articleSection":["Egy\u00e9b kateg\u00f3ria"],"inLanguage":"hu","potentialAction":[{"@type":"CommentAction","name":"Comment","target":["https:\/\/esterhazykastely.papa.hu\/?p=928#respond"]}]},{"@type":"WebPage","@id":"https:\/\/esterhazykastely.papa.hu\/?p=928","url":"https:\/\/esterhazykastely.papa.hu\/?p=928","name":"XXVII. Haydn fesztiv\u00e1l a Budapesti Von\u00f3sokkal - Esterh\u00e1zy-kast\u00e9ly P\u00e1pa","isPartOf":{"@id":"https:\/\/esterhazykastely.papa.hu\/#website"},"primaryImageOfPage":{"@id":"https:\/\/esterhazykastely.papa.hu\/?p=928#primaryimage"},"image":{"@id":"https:\/\/esterhazykastely.papa.hu\/?p=928#primaryimage"},"thumbnailUrl":"https:\/\/esterhazykastely.papa.hu\/wp-content\/uploads\/2024\/06\/Haydn-fesztiv\u00e1l.jpg","datePublished":"2024-06-28T11:35:06+00:00","dateModified":"2024-07-22T07:52:09+00:00","author":{"@id":"https:\/\/esterhazykastely.papa.hu\/#\/schema\/person\/2c7b0cf4b8dbdee6921a8e605b7fde0f"},"description":"A Budapesti Von\u00f3sok id\u00e9n 27. alkalommal rendezi meg Haydn fesztiv\u00e1lj\u00e1t, melynek 4. \u00e9ve P\u00e1pa v\u00e1rosa \u00e9s az Eszterh\u00e1zy-kast\u00e9ly ad otthont. A h\u00e9tv\u00e9gi program k\u00edn\u00e1lata 3 esti koncert a kast\u00e9ly udvar\u00e1ban, sz\u00f3listak\u00e9nt S\u00e1rk\u00f6zy Lajos heged\u0171m\u0171v\u00e9sz, a Gy\u0151ri \u00dct\u0151egy\u00fcttes \u00e9s Cs\u00e1ki Andr\u00e1s git\u00e1rm\u0171v\u00e9sz lesz a Budapesti Von\u00f3sok partnere.","breadcrumb":{"@id":"https:\/\/esterhazykastely.papa.hu\/?p=928#breadcrumb"},"inLanguage":"hu","potentialAction":[{"@type":"ReadAction","target":["https:\/\/esterhazykastely.papa.hu\/?p=928"]}]},{"@type":"ImageObject","inLanguage":"hu","@id":"https:\/\/esterhazykastely.papa.hu\/?p=928#primaryimage","url":"https:\/\/esterhazykastely.papa.hu\/wp-content\/uploads\/2024\/06\/Haydn-fesztiv\u00e1l.jpg","contentUrl":"https:\/\/esterhazykastely.papa.hu\/wp-content\/uploads\/2024\/06\/Haydn-fesztiv\u00e1l.jpg","width":1200,"height":801},{"@type":"BreadcrumbList","@id":"https:\/\/esterhazykastely.papa.hu\/?p=928#breadcrumb","itemListElement":[{"@type":"ListItem","position":1,"name":"Home","item":"https:\/\/esterhazykastely.papa.hu\/"},{"@type":"ListItem","position":2,"name":"XXVII. Haydn fesztiv\u00e1l a Budapesti Von\u00f3sokkal"}]},{"@type":"WebSite","@id":"https:\/\/esterhazykastely.papa.hu\/#website","url":"https:\/\/esterhazykastely.papa.hu\/","name":"Esterh\u00e1zy-kast\u00e9ly P\u00e1pa","description":"","potentialAction":[{"@type":"SearchAction","target":{"@type":"EntryPoint","urlTemplate":"https:\/\/esterhazykastely.papa.hu\/?s={search_term_string}"},"query-input":{"@type":"PropertyValueSpecification","valueRequired":true,"valueName":"search_term_string"}}],"inLanguage":"hu"},{"@type":"Person","@id":"https:\/\/esterhazykastely.papa.hu\/#\/schema\/person\/2c7b0cf4b8dbdee6921a8e605b7fde0f","name":"nagybali","image":{"@type":"ImageObject","inLanguage":"hu","@id":"https:\/\/secure.gravatar.com\/avatar\/c54e986044f0460a6942bf5dcef3c3d32bdd969b9414398e7610fb343bbefc17?s=96&d=mm&r=g","url":"https:\/\/secure.gravatar.com\/avatar\/c54e986044f0460a6942bf5dcef3c3d32bdd969b9414398e7610fb343bbefc17?s=96&d=mm&r=g","contentUrl":"https:\/\/secure.gravatar.com\/avatar\/c54e986044f0460a6942bf5dcef3c3d32bdd969b9414398e7610fb343bbefc17?s=96&d=mm&r=g","caption":"nagybali"},"sameAs":["http:\/\/teszt2.papaesvideke.hu"],"url":"https:\/\/esterhazykastely.papa.hu\/?author=1"}]}},"_links":{"self":[{"href":"https:\/\/esterhazykastely.papa.hu\/index.php?rest_route=\/wp\/v2\/posts\/928","targetHints":{"allow":["GET"]}}],"collection":[{"href":"https:\/\/esterhazykastely.papa.hu\/index.php?rest_route=\/wp\/v2\/posts"}],"about":[{"href":"https:\/\/esterhazykastely.papa.hu\/index.php?rest_route=\/wp\/v2\/types\/post"}],"author":[{"embeddable":true,"href":"https:\/\/esterhazykastely.papa.hu\/index.php?rest_route=\/wp\/v2\/users\/1"}],"replies":[{"embeddable":true,"href":"https:\/\/esterhazykastely.papa.hu\/index.php?rest_route=%2Fwp%2Fv2%2Fcomments&post=928"}],"version-history":[{"count":6,"href":"https:\/\/esterhazykastely.papa.hu\/index.php?rest_route=\/wp\/v2\/posts\/928\/revisions"}],"predecessor-version":[{"id":936,"href":"https:\/\/esterhazykastely.papa.hu\/index.php?rest_route=\/wp\/v2\/posts\/928\/revisions\/936"}],"wp:featuredmedia":[{"embeddable":true,"href":"https:\/\/esterhazykastely.papa.hu\/index.php?rest_route=\/wp\/v2\/media\/932"}],"wp:attachment":[{"href":"https:\/\/esterhazykastely.papa.hu\/index.php?rest_route=%2Fwp%2Fv2%2Fmedia&parent=928"}],"wp:term":[{"taxonomy":"category","embeddable":true,"href":"https:\/\/esterhazykastely.papa.hu\/index.php?rest_route=%2Fwp%2Fv2%2Fcategories&post=928"},{"taxonomy":"post_tag","embeddable":true,"href":"https:\/\/esterhazykastely.papa.hu\/index.php?rest_route=%2Fwp%2Fv2%2Ftags&post=928"}],"curies":[{"name":"wp","href":"https:\/\/api.w.org\/{rel}","templated":true}]}}